{"id":10013,"date":"2018-03-13T23:49:41","date_gmt":"2018-03-13T22:49:41","guid":{"rendered":"http:\/\/www.lespinodesintipo.fr\/?p=10013"},"modified":"2018-03-23T23:51:55","modified_gmt":"2018-03-23T22:51:55","slug":"retour-a-quito","status":"publish","type":"post","link":"https:\/\/www.lespinodesintipo.fr\/?p=10013","title":{"rendered":"Retour \u00e0 Quito"},"content":{"rendered":"<p>C\u2019est &nbsp;le c\u0153ur un peu gros que nous quittons les Gal\u00e1pagos, mais toute bonne chose a une fin.<\/p>\n<p>Nous retrouvons Quito et ses 2825 m\u00e8tres d\u2019altitude, nous reprenons nos granules de coca , mais notre souffle&nbsp; est quand m\u00eame court. &nbsp;Il fait tr\u00e8s beau, 23\u00b0. Hier c\u2019\u00e9tait 30\u00b0 \u00e0 Santa Cruz, mais la transition est correcte.<\/p>\n<p>ngg_shortcode_0_placeholderNous red\u00e9couvrons la ville coloniale avec plaisir, nous retournons sur les sites d\u00e9j\u00e0 visit\u00e9 deux mois avant.<\/p>\n<p>Nous avions pr\u00e9vu&nbsp; pour notre dernier jour, la visite de la&nbsp;\u00ab&nbsp;Mitad del mundo&nbsp;\u00bb le milieu du monde. En effet, c\u2019est en 1736 que le Fran\u00e7ais&nbsp; Charles Marie de la Condamine proc\u00e9da aux relev\u00e9s&nbsp; qui permettent de situer l\u2019Equateur.<\/p>\n<p>ngg_shortcode_1_placeholderDu coup un monument marque le lieu o\u00f9 l\u2019\u00e9quateur (ligne \u00e9quinoxiale) traverse l\u2019\u00e9quateur (pays) et partage la terre en deux.<\/p>\n<p>&nbsp;Mais en fait, maintenait on sait que le ligne jaune qui, selon Condamine partage le monde, n\u2019est pas pr\u00e9cis\u00e9ment&nbsp; \u00ab&nbsp;la Mitad del mindo, mais \u00e0 250 m\u00e8tres plus loin..<\/p>\n<p>Pour terminer notre visite de&nbsp; Quito et juste avant de prendre notre avion pour le grand retour, nous sommes &nbsp;all\u00e9s voir \u00ab&nbsp;El Panecillo&nbsp;\u00bb qui culmine \u00e0 3030m\u00e8tres.ngg_shortcode_2_placeholder Un site embl\u00e9matique&nbsp; de la capitale. Une immense &nbsp;statue de la vierge de Quito. Les Quitenos&nbsp; s\u2019enorgueillissent&nbsp; du fait qu\u2019elle serait la seule vierge ail\u00e9e au monde. De l\u00e0 on une vue magnifique sur tout Quito et les volcans environnants, dont le Cotopaxi enneig\u00e9.<\/p>\n<p>Notre &nbsp;tr\u00e8s beau voyage est termin\u00e9 et pour faire un tr\u00e8s bref r\u00e9sum\u00e9, nous dirons que l \u2018Equateur est une destination de choix, car ce petit pays offre tant de possibilit\u00e9s que chacun peut y trouver son compte. L\u2019Amazonie , son \u00e9norme r\u00e9seau fluvial et sa jungle, la cordill\u00e8re des Andes , ses volcans et cimes enneig\u00e9es, la c\u00f4te Pacifique , ses plages , ses villes thermales , ses magnifiques villes coloniales , et &nbsp;bien \u00e9videmment les mythiques Gal\u00e1pagos, dont nous&nbsp; garderons un souvenir imp\u00e9rissable.<\/p>\n<p><a title=\"Photos d'Equateur\" href=\"https:\/\/www.lespinodesintipo.fr\/index.php\/nggallery\/equateur\/quito-2?page_id=8231\">Photos<\/a><\/p>\n","protected":false},"excerpt":{"rendered":"<p>C\u2019est &nbsp;le c\u0153ur un peu gros que nous quittons les Gal\u00e1pagos, mais toute bonne chose a une fin. Nous retrouvons Quito et ses 2825 m\u00e8tres d\u2019altitude, nous reprenons nos granules de coca , mais notre souffle&nbsp; est quand m\u00eame court. &nbsp;Il fait tr\u00e8s beau, 23\u00b0. Hier c\u2019\u00e9tait 30\u00b0 \u00e0 Santa Cruz, mais la transition est [&hellip;]<\/p>\n","protected":false},"author":1,"featured_media":0,"comment_status":"open","ping_status":"open","sticky":false,"template":"","format":"standard","meta":{"ngg_post_thumbnail":0,"footnotes":""},"categories":[47],"tags":[],"class_list":["post-10013","post","type-post","status-publish","format-standard","hentry","category-equateur"],"_links":{"self":[{"href":"https:\/\/www.lespinodesintipo.fr\/index.php?rest_route=\/wp\/v2\/posts\/10013"}],"collection":[{"href":"https:\/\/www.lespinodesintipo.fr\/index.php?rest_route=\/wp\/v2\/posts"}],"about":[{"href":"https:\/\/www.lespinodesintipo.fr\/index.php?rest_route=\/wp\/v2\/types\/post"}],"author":[{"embeddable":true,"href":"https:\/\/www.lespinodesintipo.fr\/index.php?rest_route=\/wp\/v2\/users\/1"}],"replies":[{"embeddable":true,"href":"https:\/\/www.lespinodesintipo.fr\/index.php?rest_route=%2Fwp%2Fv2%2Fcomments&post=10013"}],"version-history":[{"count":0,"href":"https:\/\/www.lespinodesintipo.fr\/index.php?rest_route=\/wp\/v2\/posts\/10013\/revisions"}],"wp:attachment":[{"href":"https:\/\/www.lespinodesintipo.fr\/index.php?rest_route=%2Fwp%2Fv2%2Fmedia&parent=10013"}],"wp:term":[{"taxonomy":"category","embeddable":true,"href":"https:\/\/www.lespinodesintipo.fr\/index.php?rest_route=%2Fwp%2Fv2%2Fcategories&post=10013"},{"taxonomy":"post_tag","embeddable":true,"href":"https:\/\/www.lespinodesintipo.fr\/index.php?rest_route=%2Fwp%2Fv2%2Ftags&post=10013"}],"curies":[{"name":"wp","href":"https:\/\/api.w.org\/{rel}","templated":true}]}}