{"id":11333,"date":"2020-01-02T22:42:52","date_gmt":"2020-01-02T21:42:52","guid":{"rendered":"http:\/\/www.lespinodesintipo.fr\/?p=11333"},"modified":"2020-01-02T22:42:52","modified_gmt":"2020-01-02T21:42:52","slug":"j-8","status":"publish","type":"post","link":"https:\/\/www.lespinodesintipo.fr\/?p=11333","title":{"rendered":"J &#8211; 8"},"content":{"rendered":"\n<p>Une nouvelle\nann\u00e9e commence, nous souhaitons \u00e0 chacun le meilleur&nbsp; pour 2020. <\/p>\n\n\n\n<p>Cette ann\u00e9e,\nnous avons choisi pour destination, &nbsp;la\nColombie dont on en entend que du bien par ceux qui l\u2019ont d\u00e9j\u00e0 visit\u00e9e, il\nparait que c\u2019est une belle destination. Promis, on vous racontera.<\/p>\n\n\n\n<p>Ce pays est\ntr\u00e8s grand, du coup nos 10 semaines ne seront pas de trop pour d\u00e9couvrir toutes\nles merveilles&nbsp; de cette r\u00e9gion du monde.\n<\/p>\n\n\n\n<p>Un po\u00e8me\nColombien anonyme dit&nbsp;:<\/p>\n\n\n\n<p><strong><em>Si tu veux\nconnaitre&nbsp; les Caraibes va \u00e0 Cuba, le\nPacifique va au Chili, les Andes va en Equateur, l\u2019Amazonie&nbsp; va au Br\u00e9sil, les cultures pr\u00e9colombiennes\nau&nbsp; Mexique ou au P\u00e9rou, mais si tu veux\nvoir toutes ces choses l\u00e0 Papa, va en Colombie.<\/em><\/strong><\/p>\n\n\n\n<p>Nous avons\n\u00e9labor\u00e9 un circuit, qui sera peut \u00eatre&nbsp;\ntransform\u00e9 au court du voyage, n\u00e9anmoins &nbsp;&nbsp;nous essaierons de respecter le projet. <\/p>\n\n\n\n<ul class=\"wp-block-list\"><li>Nous commencerons par Bogota, la\ncapitale, juch\u00e9e \u00e0 2600 m\u00e8tres d\u2019altitude.<\/li><li>Villa de Leyla<\/li><li>Mongui <\/li><li>Canyon de Chicamocha <\/li><li>Barichara<\/li><li>La Playa de Belen<\/li><li>Puis le&nbsp; d\u00e9sert de Tatacoa ( le rouge et le gris)<\/li><li>San Augustin&nbsp; la culture pr\u00e9colombienne<\/li><li>Mocoa&nbsp;\nen Amazonie <\/li><li>Pasto &nbsp;\u00e0 la fronti\u00e8re \u00e9quatorienne<\/li><li>Popayan &nbsp;la ville blanche<\/li><li>Silvia et son march\u00e9 du mardi \u00e0 ne\npas rater<\/li><li>Cali pour la Salsa et le Pacifique<\/li><li>La vall\u00e9e de Cocora (r\u00e9gion du caf\u00e9)<\/li><li>Salento et sa production de caf\u00e9 et\n\u00e9levage de truites<\/li><li>Filandia<\/li><li>Manizales<\/li><li>Jardin &nbsp;la plus belle ville d\u2019Antoiquia<\/li><li>Medellin &nbsp;la grande m\u00e9tropole<\/li><li>Guatape sur le lac Embalse Guatape<\/li><li>Santa fe de Antoiquia<\/li><li>Capurgana la Carib\u00e9enne \u00e0 la\nfronti\u00e8re Panam\u00e9enne<\/li><li>Les Iles San Bernardo pour y passer\ndu bon temps<\/li><li>Mompox &nbsp;sur les rives du rio Magdalena<\/li><li>Carthag\u00e8ne des&nbsp; Indes &nbsp;<\/li><li>Minca village de montagne&nbsp; dans la sierra Nevada<\/li><li>Santa Marta, la ville de fondation Europ\u00e9enne\nla plus ancienne du continent am\u00e9ricain<\/li><li>Immersion dans une communaut\u00e9\nindig\u00e8ne<\/li><li>Le parc naturel Tayrona<\/li><li>Retour \u00e0 Bogota<\/li><\/ul>\n\n\n\n<p>Hasta Luego<\/p>\n\n\n<p><iframe loading=\"lazy\" src=\"https:\/\/www.google.com\/maps\/d\/u\/0\/embed?mid=1UHqANaIkpY-zvJl4qMc9RVtIdBrcCMcZ\" width=\"640\" height=\"480\"><\/iframe><\/p>\n\n\n<p>Pour agrandir la carte, cliquer dans le carr\u00e9 en haut \u00e0 droite.<br>Vous pouvez ensuite, zoomer la carte, cliquer sur les rep\u00e8res du circuit et d\u00e9couvrir les lieux que l&rsquo;on va visiter.<\/p>\n","protected":false},"excerpt":{"rendered":"<p>Une nouvelle ann\u00e9e commence, nous souhaitons \u00e0 chacun le meilleur&nbsp; pour 2020. Cette ann\u00e9e, nous avons choisi pour destination, &nbsp;la Colombie dont on en entend que du bien par ceux qui l\u2019ont d\u00e9j\u00e0 visit\u00e9e, il parait que c\u2019est une belle destination. Promis, on vous racontera. Ce pays est tr\u00e8s grand, du coup nos 10 semaines [&hellip;]<\/p>\n","protected":false},"author":1,"featured_media":0,"comment_status":"open","ping_status":"open","sticky":false,"template":"","format":"standard","meta":{"ngg_post_thumbnail":0,"footnotes":""},"categories":[49],"tags":[],"class_list":["post-11333","post","type-post","status-publish","format-standard","hentry","category-colombie"],"_links":{"self":[{"href":"https:\/\/www.lespinodesintipo.fr\/index.php?rest_route=\/wp\/v2\/posts\/11333"}],"collection":[{"href":"https:\/\/www.lespinodesintipo.fr\/index.php?rest_route=\/wp\/v2\/posts"}],"about":[{"href":"https:\/\/www.lespinodesintipo.fr\/index.php?rest_route=\/wp\/v2\/types\/post"}],"author":[{"embeddable":true,"href":"https:\/\/www.lespinodesintipo.fr\/index.php?rest_route=\/wp\/v2\/users\/1"}],"replies":[{"embeddable":true,"href":"https:\/\/www.lespinodesintipo.fr\/index.php?rest_route=%2Fwp%2Fv2%2Fcomments&post=11333"}],"version-history":[{"count":0,"href":"https:\/\/www.lespinodesintipo.fr\/index.php?rest_route=\/wp\/v2\/posts\/11333\/revisions"}],"wp:attachment":[{"href":"https:\/\/www.lespinodesintipo.fr\/index.php?rest_route=%2Fwp%2Fv2%2Fmedia&parent=11333"}],"wp:term":[{"taxonomy":"category","embeddable":true,"href":"https:\/\/www.lespinodesintipo.fr\/index.php?rest_route=%2Fwp%2Fv2%2Fcategories&post=11333"},{"taxonomy":"post_tag","embeddable":true,"href":"https:\/\/www.lespinodesintipo.fr\/index.php?rest_route=%2Fwp%2Fv2%2Ftags&post=11333"}],"curies":[{"name":"wp","href":"https:\/\/api.w.org\/{rel}","templated":true}]}}