{"id":11426,"date":"2020-01-17T13:04:00","date_gmt":"2020-01-17T12:04:00","guid":{"rendered":"http:\/\/www.lespinodesintipo.fr\/?p=11426"},"modified":"2020-01-18T13:18:52","modified_gmt":"2020-01-18T12:18:52","slug":"villa-de-leyva","status":"publish","type":"post","link":"https:\/\/www.lespinodesintipo.fr\/?p=11426","title":{"rendered":"Villa de Leyva"},"content":{"rendered":"\n<p>Nous prenons le bus\n\u00e0 l\u2019une des grandes gares routi\u00e8res de Bogota, et partons dans la r\u00e9gion du\nBocaya \u00e0 Villa de Leyva. <\/p>\n\n\n\n<p>Cette jolie ville\ncoloniale est incontournable dans la visite du pays.&nbsp; Elle est entour\u00e9e de sombres montagnes, il y\nfait toujours&nbsp; relativement bon, et\nactuellement nous sommes en pleine p\u00e9riode s\u00e8che.<\/p>\n\n\n\n<p>Notre&nbsp; petit h\u00f4tel est&nbsp; une ancienne maison coloniale modeste certes, mais tr\u00e8s jolie. Seulement 8 chambres autour d\u2019un joli patio. Et chose importante nous sommes \u00e0 deux pas du centre. <\/p>\n\n\n\n<p>Villa de Leyva fond\u00e9e en 1572 par&nbsp; Hernan Suarez&nbsp; de Villabos, d\u00e9clar\u00e9e monument national en 1954, aux rues pav\u00e9es et aux belles maisons&nbsp;&nbsp; blanches, a \u00e9t\u00e9 enti\u00e8rement pr\u00e9serv\u00e9e. Nous sommes en semaine et il n\u2019y a pas beaucoup de monde, mais le week end les Bogotanos envahissent la ville. <\/p>\n\n\n\nngg_shortcode_0_placeholder\n\n\n\n<p>La grande\nparticularit\u00e9 de cette petite ville est sa&nbsp;\nplaza Mayor,&nbsp; l\u2019une des plus&nbsp; grandes du continent Am\u00e9ricain avec ses 14400\nm\u00e8tres carr\u00e9s. Elle est&nbsp; pav\u00e9e&nbsp; d\u2019\u00e9normes blocs de pierres ainsi que toutes\nles rues. En son centre, une fontaine, qui \u00e9tait&nbsp; jadis&nbsp;\nle seul point d\u2019eau de la ville. <\/p>\n\n\n\n<p>La ville et notamment la grande place se pr\u00eate aux&nbsp; d\u00e9cors de cin\u00e9ma et d\u2019ailleurs presque toutes les s\u00e9ries de ZORRO ont \u00e9t\u00e9 tourn\u00e9es ici.<\/p>\n\n\n\nngg_shortcode_1_placeholder\n\n\n\n<p>Il faut prendre son temps pour d\u00e9couvrir Villa de Leyva, les nombreuses tr\u00e8s belles maisons coloniales sont \u00e0 visiter, le mus\u00e9e Del Carmen m\u00e9rite une visite, l\u2019\u00e9glise paroissiale et son magnifique retable baroque. ngg_shortcode_2_placeholder   Nous y avons beaucoup fl\u00e2n\u00e9. <\/p>\n\n\n\n<p>Nous avons \u00e9t\u00e9 surpris par la quantit\u00e9 de chiens qui vivent dans les rues mais appartiennent \u00e0 des gens. ngg_shortcode_3_placeholder   En fait ces chiens de race&nbsp; pour la plupart vont de maison en maison et le&nbsp; soir rentrent chez leur propri\u00e9taire. Nous n\u2019avons vu que tr\u00e8s peu de crottes sur les trottoirs, serait ce qu\u2019ils sont bien \u00e9duqu\u00e9s, et qu\u2019ils ont des \u00ab&nbsp;canibets\/cabinets&nbsp;\u00bb \u00e0 leur disposition&nbsp;?<\/p>\n\n\n\n<p>A Villa de Leyva, il n\u2019y a pas que les maisons blanches aux beaux balcons fleuris. <\/p>\n\n\n\nngg_shortcode_4_placeholder\n\n\n\n<p>Un architecte sculpteur, Octavio Mendoza a construit dans les ann\u00e9es 1990 une maison de 500 m\u00e8tres carr\u00e9s&nbsp; enti\u00e8rement avec de l\u2019argile cuite au soleil. Il n\u2019y a pas de m\u00e9tal ni de ciment dans le gros \u0153uvre. Cette maison tout en rondeur est&nbsp; atypique.<\/p>\n\n\n\nngg_shortcode_5_placeholder\n\n\n\n<p>En ce sens casa\nterracota est le symbole du projet de vie d\u2019Octavio Mendoza Morales&nbsp;: un\nprojet qui s\u2019appuie&nbsp; sur les quatre\n\u00e9l\u00e9ments&nbsp;: terre, air, eau et feu, transforme la terre en architecture\nhabitable. <\/p>\n\n\n\n<p>On nous avait\ndit que les Colombiens&nbsp; \u00e9taient tr\u00e8s\naccueillants, nous pouvons en t\u00e9moigner. <\/p>\n\n\n\n<p>Nous avons fait la\nconnaissance d\u2019Octavio, son \u00e9pouse et sa m\u00e8re \u00e0 l\u2019h\u00f4tel. Ils nous ont offert du\nfromage au petit d\u00e9jeuner et invit\u00e9s \u00e0 passer une soir\u00e9e avec eux. Ils nous ont\ndonn\u00e9 rendez vous \u00e0 18 heures \u00e0 l\u2019h\u00f4tel, mais on ne savait pas trop ce qui\nallait se passer. Notre espagnol est trop succinct pour tout comprendre\u2026.<\/p>\n\n\n\n<p>Du coup ce fut la\ngrande surprise. Ils nous ont demand\u00e9 de prendre nos maillots de bains et nos\nserviettes, et d\u00e8s 18h&nbsp; nous voil\u00e0 partis\ndans une agence de voyage. De l\u00e0 nous avons pris une jeep et en route pour la campagne.\nIl fait d\u00e9j\u00e0 nuit \u00e0 18 heures. On roule environ trente minutes et la jeep prend\nun chemin au bout du quel un gardien nous ouvre la porte, la jeep reprend la\nroute et une centaine de m\u00e8tres plus loin s\u2019arr\u00eate. On nous fait descendre. On\nmarche un peu et l\u00e0, \u00f4 surprise on arrive pr\u00e8s d\u2019une piscine d\u2019eau soufr\u00e9e,\navec un&nbsp; petit geyser en son centre, et\nceci au milieu de nulle part.<\/p>\n\n\n\n<p>MAGIQUE, des bougies\nautour de la piscine, le ciel \u00e9toil\u00e9, et nous voil\u00e0 pour 1 bonne heure \u00e0\ntremper dans une eau \u00e0 35 degr\u00e9s. On nous sert un verre de vin rouge au milieu\nde la piscine, bref des instants inoubliables. Octavio, Claudia et Discia sont\nadorables, sans eux nous n\u2019aurions jamais connu cet endroit.<\/p>\n\n\n\n<p>Le matin au petit d\u00e9jeuner, Discia , la maman , dit \u00e0 Fran\u00e7oise que le soir elle irait&nbsp; aux thermes car elle a beaucoup d\u2019arthrose et que \u00e7a lui fera du bien, mais elle n\u2019avait pas envisag\u00e9 \u00e0 ce moment l\u00e0 de nous emmener.<\/p>\n\n\n\nngg_shortcode_6_placeholder\n\n\n\n<p>Dans la rue, nous\navons fait la connaissance d\u2019Alfredo, jeune mari\u00e9 de samedi dernier. Et\nquel&nbsp; bonheur il parle tr\u00e8s bien le fran\u00e7ais,\ncar il a pass\u00e9 4 ans en France pour ses \u00e9tudes. Nous avons beaucoup \u00e9chang\u00e9, ce\nfut un&nbsp; r\u00e9el plaisir. <\/p>\n\n\n\n<p>&nbsp;Les gens nous\nsaluent souvent d\u2019un \u00ab&nbsp;buenos dias ou d\u2019un buenos tardes&nbsp;\u00bb\nchaleureux, c\u2019est tr\u00e8s agr\u00e9able.<\/p>\n\n\n\n<p><a href=\"https:\/\/www.lespinodesintipo.fr\/index.php\/nggallery\/colombie\/villa-de-leyva?page_id=11340\" target=\"_blank\" rel=\"noreferrer noopener\" aria-label=\" (s\u2019ouvre dans un nouvel onglet)\">photos<\/a><\/p>\n","protected":false},"excerpt":{"rendered":"<p>Nous prenons le bus \u00e0 l\u2019une des grandes gares routi\u00e8res de Bogota, et partons dans la r\u00e9gion du Bocaya \u00e0 Villa de Leyva. Cette jolie ville coloniale est incontournable dans la visite du pays.&nbsp; Elle est entour\u00e9e de sombres montagnes, il y fait toujours&nbsp; relativement bon, et actuellement nous sommes en pleine p\u00e9riode s\u00e8che. Notre&nbsp; [&hellip;]<\/p>\n","protected":false},"author":1,"featured_media":0,"comment_status":"open","ping_status":"open","sticky":false,"template":"","format":"standard","meta":{"ngg_post_thumbnail":0,"footnotes":""},"categories":[49],"tags":[],"class_list":["post-11426","post","type-post","status-publish","format-standard","hentry","category-colombie"],"_links":{"self":[{"href":"https:\/\/www.lespinodesintipo.fr\/index.php?rest_route=\/wp\/v2\/posts\/11426"}],"collection":[{"href":"https:\/\/www.lespinodesintipo.fr\/index.php?rest_route=\/wp\/v2\/posts"}],"about":[{"href":"https:\/\/www.lespinodesintipo.fr\/index.php?rest_route=\/wp\/v2\/types\/post"}],"author":[{"embeddable":true,"href":"https:\/\/www.lespinodesintipo.fr\/index.php?rest_route=\/wp\/v2\/users\/1"}],"replies":[{"embeddable":true,"href":"https:\/\/www.lespinodesintipo.fr\/index.php?rest_route=%2Fwp%2Fv2%2Fcomments&post=11426"}],"version-history":[{"count":0,"href":"https:\/\/www.lespinodesintipo.fr\/index.php?rest_route=\/wp\/v2\/posts\/11426\/revisions"}],"wp:attachment":[{"href":"https:\/\/www.lespinodesintipo.fr\/index.php?rest_route=%2Fwp%2Fv2%2Fmedia&parent=11426"}],"wp:term":[{"taxonomy":"category","embeddable":true,"href":"https:\/\/www.lespinodesintipo.fr\/index.php?rest_route=%2Fwp%2Fv2%2Fcategories&post=11426"},{"taxonomy":"post_tag","embeddable":true,"href":"https:\/\/www.lespinodesintipo.fr\/index.php?rest_route=%2Fwp%2Fv2%2Ftags&post=11426"}],"curies":[{"name":"wp","href":"https:\/\/api.w.org\/{rel}","templated":true}]}}