{"id":11721,"date":"2020-02-06T21:25:33","date_gmt":"2020-02-06T20:25:33","guid":{"rendered":"http:\/\/www.lespinodesintipo.fr\/?p=11721"},"modified":"2020-02-07T13:22:34","modified_gmt":"2020-02-07T12:22:34","slug":"jardin-prononcer-rrrarrdine","status":"publish","type":"post","link":"https:\/\/www.lespinodesintipo.fr\/?p=11721","title":{"rendered":"Jardin ( prononcer rrrarrdine)"},"content":{"rendered":"\n<p>Nous restons dans la r\u00e9gion du caf\u00e9\nmais avons chang\u00e9 de village. <\/p>\n\n\n\n<p>Il est 9 heures quand nous\ndescendons \u00e0 la gare routi\u00e8re de Salento qui est \u00e0 5 minutes de notre h\u00f4tel.<\/p>\n\n\n\n<p>C\u2019est un bon bus&nbsp; qui nous conduit \u00e0 Riosucio en 3 heures. Nous d\u00e9jeunons sur place car le prochain bus est \u00e0 15 heures. A Riosucio , il n\u2019y a rien \u00e0 faire, du coup nous en profitons pour mettre&nbsp; le blog \u00e0 jour. A 15 heures, le bus arrive, et \u00f4 surprise c\u2019est une chiva, rappelez vous la chiva est cet \u00e9norme camion am\u00e9nag\u00e9 en bus, hyper color\u00e9.  ngg_shortcode_0_placeholder Des si\u00e8ges bien rembourr\u00e9s, un dossier en bois bien droit, et on y loge environ 65 personnes plus les colis et les bagages. <\/p>\n\n\n\n<p>Nous ferons 52 kilom\u00e8tres dans ce\ntape cul, soit 42 sur piste et 10 sur route, en 4 heures.&nbsp; La seule r\u00e9compense que nous ayons eu, ce\nsont les paysages andins incroyables. De temps en temps une petite peur, car le\npr\u00e9cipice est tout tout pr\u00e8s, mais enfin, nous sommes arriv\u00e9s \u00e0 bon port. <\/p>\n\n\n\n<p> ngg_shortcode_1_placeholder Jardin est lui aussi class\u00e9 parmi les plus beaux villages de l\u2019Antoquia. Autant vous dire que nous confirmons. Jardin est entour\u00e9 de montagnes verdoyantes, la culture du caf\u00e9 et de la banane y est tr\u00e8s d\u00e9velopp\u00e9e. ngg_shortcode_2_placeholder  La place centrale a un air de f\u00eate, des centaines de table et chaises&nbsp; multicolores sont install\u00e9es \u00e0 demeure. Les dossiers sont en peau de vache peints&nbsp; de paysages, d\u2019oiseaux, ou de formes g\u00e9om\u00e9triques. L\u2019ensemble forme un d\u00e9cor exceptionnel.  ngg_shortcode_3_placeholder Et le clou du&nbsp; spectacle c\u2019est que les gens s\u2019assoient toujours sur&nbsp; la chaise en se basculant sur les deux pattes arri\u00e8re&nbsp;; en \u00e9quilibre. Ici c\u2019est la tradition. <\/p>\n\n\n\n<p>&nbsp;D\u00e8s le matin on voit les personnes \u00e2g\u00e9s devant leur tinto (caf\u00e9 filtre), ils en boiront beaucoup dans la journ\u00e9e. Puis en soir\u00e9e&nbsp; ce sont les familles avec les jeunes enfants qui investissent la place. ngg_shortcode_4_placeholder  Les&nbsp; enfant jouent autour de la fontaine et courent apr\u00e8s les pigeons. Nous y avons pass\u00e9 pas mal de temps \u00e0 savourer ces moments de pl\u00e9nitude. <\/p>\n\n\n\n<p> <iframe loading=\"lazy\" title=\"Chevaux \u00e0 Jardin\" width=\"620\" height=\"349\" src=\"https:\/\/www.youtube.com\/embed\/8PeoEO2Hn0U?feature=oembed\" frameborder=\"0\" allow=\"accelerometer; autoplay; clipboard-write; encrypted-media; gyroscope; picture-in-picture; web-share\" referrerpolicy=\"strict-origin-when-cross-origin\" allowfullscreen><\/iframe><\/p>\n\n\n\n<p>Des \u00ab\u00a0gauchos\u00a0\u00bb\u00a0 mont\u00e9s sur leurs chevaux coiff\u00e9s de\u00a0 chapeaux de cowboys\u00a0 passent\u00a0 de temps en temps dans la rue.\u00a0 On les a vu s\u2019arr\u00eater \u00e0 un bar, boire un coup sans descendre de cheval et repartir en faisant faire des pas de danse \u00e0 leurs beaux chevaux, un r\u00e9gal. <\/p>\n\n\n\n<p> ngg_shortcode_5_placeholder Les couleurs acidul\u00e9es&nbsp; des maisons et les balcons hyper fleuris sont&nbsp; d\u2019une gait\u00e9 incroyable, c\u2019est peut \u00eatre gr\u00e2ce \u00e0 tout cela que ces Colombiens sont si affables.<\/p>\n\n\n\n<p> ngg_shortcode_6_placeholder Sur la place s\u2019\u00e9l\u00e8ve&nbsp; l\u2019immense&nbsp; Basilica Menor de la immaculada Conception, n\u00e9o gothique. Ses murs en granit&nbsp; coiff\u00e9s de fl\u00e8ches en aluminium&nbsp; offrent un contraste marqu\u00e9 par rapport aux couleurs environnantes.<\/p>\n\n\n\n<p>Dans cette belle r\u00e9gion, vivent de\nnombreux oiseaux, dont des colibris mais \u00e9galement les coqs de roche p\u00e9ruviens.\n<\/p>\n\n\n\n<p> ngg_shortcode_7_placeholder Nous avons visit\u00e9 une petite r\u00e9serve naturelle o\u00f9 vivent ces oiseaux tr\u00e8s bizarres. Les m\u00e2les sont noirs, gris et&nbsp; coiff\u00e9s d\u2019un \u00ab&nbsp;casque&nbsp;\u00bb rouge flamboyant. Nous avons pass\u00e9 au moins deux heures \u00e0 les observer. <\/p>\n\n\n\n<p>Le lendemain comme les randonn\u00e9es sont maintenant notre sport favori, nous sommes mont\u00e9s \u00e0 la Garrucha, il s\u2019agit d\u2019une colline dominant Jardin&nbsp;; ngg_shortcode_8_placeholder  On a fait une halte \u00e0 mi parcours , au bord du rio et bu un jus de maracuja d\u00e9licieux. <\/p>\n\n\n\n<p> ngg_shortcode_9_placeholder Nous sommes redescendus par le petit t\u00e9l\u00e9ph\u00e9rique&nbsp; tr\u00e8s rigolo. <\/p>\n\n\n\n<p>Cette \u00e9tape nous a\ncombl\u00e9, c\u2019est presque \u00e0 regret que nous quittons Jardin. Demain direction\nMedellin. <\/p>\n\n\n\n<p><a href=\"https:\/\/www.lespinodesintipo.fr\/index.php\/nggallery\/colombie\/jardin?page_id=11340\" target=\"_blank\" rel=\"noreferrer noopener\" aria-label=\" (s\u2019ouvre dans un nouvel onglet)\">photos<\/a><\/p>\n","protected":false},"excerpt":{"rendered":"<p>Nous restons dans la r\u00e9gion du caf\u00e9 mais avons chang\u00e9 de village. Il est 9 heures quand nous descendons \u00e0 la gare routi\u00e8re de Salento qui est \u00e0 5 minutes de notre h\u00f4tel. C\u2019est un bon bus&nbsp; qui nous conduit \u00e0 Riosucio en 3 heures. Nous d\u00e9jeunons sur place car le prochain bus est \u00e0 [&hellip;]<\/p>\n","protected":false},"author":1,"featured_media":0,"comment_status":"open","ping_status":"open","sticky":false,"template":"","format":"standard","meta":{"ngg_post_thumbnail":0,"footnotes":""},"categories":[49],"tags":[],"class_list":["post-11721","post","type-post","status-publish","format-standard","hentry","category-colombie"],"_links":{"self":[{"href":"https:\/\/www.lespinodesintipo.fr\/index.php?rest_route=\/wp\/v2\/posts\/11721"}],"collection":[{"href":"https:\/\/www.lespinodesintipo.fr\/index.php?rest_route=\/wp\/v2\/posts"}],"about":[{"href":"https:\/\/www.lespinodesintipo.fr\/index.php?rest_route=\/wp\/v2\/types\/post"}],"author":[{"embeddable":true,"href":"https:\/\/www.lespinodesintipo.fr\/index.php?rest_route=\/wp\/v2\/users\/1"}],"replies":[{"embeddable":true,"href":"https:\/\/www.lespinodesintipo.fr\/index.php?rest_route=%2Fwp%2Fv2%2Fcomments&post=11721"}],"version-history":[{"count":0,"href":"https:\/\/www.lespinodesintipo.fr\/index.php?rest_route=\/wp\/v2\/posts\/11721\/revisions"}],"wp:attachment":[{"href":"https:\/\/www.lespinodesintipo.fr\/index.php?rest_route=%2Fwp%2Fv2%2Fmedia&parent=11721"}],"wp:term":[{"taxonomy":"category","embeddable":true,"href":"https:\/\/www.lespinodesintipo.fr\/index.php?rest_route=%2Fwp%2Fv2%2Fcategories&post=11721"},{"taxonomy":"post_tag","embeddable":true,"href":"https:\/\/www.lespinodesintipo.fr\/index.php?rest_route=%2Fwp%2Fv2%2Ftags&post=11721"}],"curies":[{"name":"wp","href":"https:\/\/api.w.org\/{rel}","templated":true}]}}