{"id":11821,"date":"2020-02-14T22:45:54","date_gmt":"2020-02-14T21:45:54","guid":{"rendered":"http:\/\/www.lespinodesintipo.fr\/?p=11821"},"modified":"2020-02-14T22:45:54","modified_gmt":"2020-02-14T21:45:54","slug":"medellin","status":"publish","type":"post","link":"https:\/\/www.lespinodesintipo.fr\/?p=11821","title":{"rendered":"Medellin"},"content":{"rendered":"\n<p>Grand changement de\nd\u00e9cor et de vie&nbsp;!!!!<\/p>\n\n\n\n<p>Medellin, capitale de\nl\u2019Antioquia, quatre &nbsp;millions d\u2019habitants\navec la banlieue, industrielle, bouillonnante, hyper pollu\u00e9e, situ\u00e9e dans une\n\u00e9troite vall\u00e9e, d\u2019o\u00f9 surgissent les gratte ciel, mais elle&nbsp; s\u2019\u00e9tend sur les&nbsp; collines environnantes.<\/p>\n\n\n\n<p>Medellin c\u2019est aussi,\nson triste pass\u00e9, dans les ann\u00e9es 1980, la ville a montr\u00e9 sa face sombre. Entre\nPablo escobar le sanguinaire, qui &nbsp;fait de\nM\u00e9dellin la capitale mondiale du commerce de la coca\u00efne. Les affrontements avec\narmes \u00e0 feu \u00e9taient courants, le taux d\u2019homicides \u00e9tait le plus \u00e9lev\u00e9 au monde.\nLa mort d\u2019escobar en 1993&nbsp; a permis le d\u00e9clin\nde la violence. <\/p>\n\n\n\n<p>Et\nles FARC (forces arm\u00e9es r\u00e9volutionnaires de Colombie) l\u2019ELN (arm\u00e9e de\nlib\u00e9ration nationale) et les para militaires&nbsp;\n(financ\u00e9s par le gouvernement) entre 1964 et 2016 contr\u00f4laient &nbsp;toutes les collines autour de Medellin,&nbsp; ont fait de la Colombie un pays meurtri. Plus\nde 250 000 morts, 45&nbsp;000 disparus et 6 millions de d\u00e9plac\u00e9s. Aujourd\u2019hui\nla Colombie, est redevenue calme ou presque, car on sait que dans certaines zones\ndu pays, la gu\u00e9rilla existe encore. Ceci dit, aujourd\u2019hui Medellin est devenue\nl\u2019une de villes de Colombie les plus s\u00fbres bien que la police soit omni\npr\u00e9sente dans les rues.<\/p>\n\n\n\n<p>Pour plus de compr\u00e9hension lire cet article&nbsp;: <a href=\"http:\/\/www.elcorreo.eu.org\/A-Medellin-dix-ans-apres-l-operation-Orion\">http:\/\/www.elcorreo.eu.org\/A-Medellin-dix-ans-apres-l-operation-Orion<\/a><\/p>\n\n\n\n<p>Nous logeons dans un\nquartier tr\u00e8s dynamique, le Poblado, dommage que notre h\u00f4tel soit si moche,\nbien que les propri\u00e9taires soient tr\u00e8s sympas, du coup nous changerons apr\u00e8s\nles &nbsp;trois nuits r\u00e9serv\u00e9es, et irons dans\nautre &nbsp;h\u00f4tel&nbsp; tr\u00e8s chouette.<\/p>\n\n\n\n<p> ngg_shortcode_0_placeholder Premier jour \u00e0 Medellin, nous prenons le m\u00e9tro pour le centre ville. \u00a0Les Medellinos sont d\u2019ailleurs tr\u00e8s fiers de leur\u00a0 m\u00e9tro, il faut dire qu\u2019il est tr\u00e8s bien et facile \u00e0 utiliser.  ngg_shortcode_1_placeholder D\u2019abord nous\u00a0 visitons le palacio de la cultura Rafael Uribe. Ce magnifique \u00e9difice n\u00e9o gothique noir et blanc, est l\u2019un des b\u00e2timents les plus int\u00e9ressants de Medellin. <\/p>\n\n\n\n<p> ngg_shortcode_2_placeholder Un paradoxe trop dr\u00f4le, l\u2019ancien immense palais de justice a \u00e9t\u00e9 transform\u00e9 en un gigantesque centre commercial, o\u00f9 ne\u00a0 se vendent que des objets de contrefa\u00e7on\u00a0!!!<\/p>\n\n\n\n<p> ngg_shortcode_3_placeholder Puis juste \u00e0 c\u00f4t\u00e9, la place Botero, dont l\u2019artiste natif\u00a0 \u00a0de Medellin a offert 22 \u00e9normes \u00a0statues.<\/p>\n\n\n\n<p>Ensuite apr\u00e8s un repas toujours copieux, suivi de\u00a0 l\u2019incontournable Tinto, nous sommes all\u00e9s au museo Casa de la m\u00e9moria.  ngg_shortcode_4_placeholder Cet \u00e9mouvant \u00a0et tr\u00e8s p\u00e9dagogique mus\u00e9e ouvert en 2018, retrace l\u2019histoire\u00a0 des gu\u00e9rillas urbaines de Medellin. On ressort de ce mus\u00e9e, tr\u00e8s boulevers\u00e9. <\/p>\n\n\n\n<p>Et comme on avait du temps, on s\u2019est fait plaisir\u00a0 \u00e0 prendre le m\u00e9trocable.  ngg_shortcode_5_placeholder Il s\u2019agit d\u2019un t\u00e9l\u00e9ph\u00e9rique permettant d\u2019acc\u00e9der aux diverses collines de la ville et ainsi offrent aux habitants la possibilit\u00e9 de descendre dans le centre ville facilement, et il est\u00a0 connect\u00e9 au m\u00e9tro\u00a0 De ce m\u00e9trocable, on\u00a0 distingue parfaitement les divers quartiers de la ville, et notamment les milliers de bidonvilles \u00a0et habitations modestes.<\/p>\n\n\n\n<p>A ce jour il existe\n5 lignes de m\u00e9trocable.<\/p>\n\n\n\n<p> ngg_shortcode_6_placeholder Nous avons aussi profit\u00e9 du parc ARVI, pour y acc\u00e9der nous avons emprunt\u00e9 le m\u00e9trocable sur plus de 6 kilom\u00e8tres. Le parc Arvi est une vaste \u00e9tendue\u00a0 de paysages de montagnes. ngg_shortcode_7_placeholder  Ce parc est particuli\u00e8rement bien organis\u00e9, on y a pass\u00e9 de tr\u00e8s bons moments,\u00a0 nous sommes toujours dans les Andes orientales, et les chemins ne sont pas plats\u00a0!!!<\/p>\n\n\n\n<p> ngg_shortcode_8_placeholder Le lendemain, nous avons pris un guide francophone pour nous faire visiter la comuna 13. <\/p>\n\n\n\n<p>On ne peut pas venir\n\u00e0 Medellin sans visiter La comuna 13&nbsp;; lieu incontournable de Medellin\nafin de comprendre ou essayer de comprendre la complexit\u00e9&nbsp; de l\u2019histoire de Medellin et de la Colombie\nen g\u00e9n\u00e9ral.<\/p>\n\n\n\n<p> ngg_shortcode_9_placeholder Ce quartier situ\u00e9 sur les hauteurs de la ville, permettait de contr\u00f4ler la ville et a \u00e9t\u00e9 le lieu de tous les trafics, de drogues et d\u2019humains vers le pacifique.<\/p>\n\n\n\n<p>La population tr\u00e8s\npauvre \u00e9tait sous l\u2019emprise des gu\u00e9rillas et des narco trafiquants. <\/p>\n\n\n\n<p>\u00e7a n\u2019est qu\u2019en 2002 que le gouvernement d\u00e9cide de faire un \u00ab&nbsp;nettoyage&nbsp;\u00bb en envoyant chars, h\u00e9licopt\u00e8res et militaires arm\u00e9s pour vider de ce quartier la p\u00e8gre. En voyant les forces d\u00e9ploy\u00e9s par l\u2019\u00e9tat, les gu\u00e9rillas se sont vite retir\u00e9es&nbsp; laissant les habitants face aux forces arm\u00e9es. Cela va s\u2019en se dire que les innocents ont trinqu\u00e9 autant que les bandits. <\/p>\n\n\n\n<p>A ce jour il n\u2019y a\npas de famille qui n\u2019a perdu l\u2019un des siens dans ce conflit. <\/p>\n\n\n\n<p> ngg_shortcode_10_placeholder D\u2019ailleurs pour comm\u00e9morer ces atrocit\u00e9s et notamment la mort d\u2019un enfant de 9 ans sous les balles, un toboggan a \u00e9t\u00e9 install\u00e9 sur les pentes. Ce symbole veut que la vie renaisse et que la population puisse \u00eatre positive, et d\u2019ailleurs elle y est. Les touristes sont tr\u00e8s tr\u00e8s bien accueillis, on ne ressent aucune ins\u00e9curit\u00e9.<\/p>\n\n\n\n<p>Le guide nous disait qu\u2019autrefois on se gardait bien de dire qu\u2019on habitait les quartiers pauvres, mais aujourd\u2019hui on affiche sans&nbsp; complexe son appartenance \u00e0 la comuna 13. <\/p>\n\n\n\n<p>Enfin en &nbsp;2016 les FARC, &nbsp;et d\u2019autres groupes gu\u00e9rilleros sauf l\u2019ELN \u2026\nont sign\u00e9 un accord de paix avec le gouvernement. Mais aujourd\u2019hui &nbsp;la paix reste tr\u00e8s &nbsp;fragile.<\/p>\n\n\n\n<p> ngg_shortcode_11_placeholder Le quartier est alors devenu beaucoup plus calme, le m\u00e9trocable et les escaliers m\u00e9caniques ont \u00e9t\u00e9 install\u00e9s sur ces pentes afin que les habitants puissent aller et venir facilement\u00a0 en centre ville. <\/p>\n\n\n\n<p>Avant cela il\nfallait une heure et demie&nbsp; pour\ndescendre la colline \u00e0 pieds.<\/p>\n\n\n\n<p>On est tr\u00e8s\nagr\u00e9ablement surpris par la propret\u00e9 de ce quartier, chacun respecte les\ninstallations mises en place.<\/p>\n\n\n\n<p> ngg_shortcode_12_placeholder Des graffeurs du quartier ont commenc\u00e9 \u00e0 peindre le quotidien de leur vie et le pass\u00e9. On peut, \u00e0 travers ces graffitis splendides comprendre ce qu\u2019ils ont v\u00e9cu. <\/p>\n\n\n\n<p>Puis le gouvernement a envoy\u00e9 5 femmes\u00a0 se former dans divers domaines, la sant\u00e9, l\u2019\u00e9ducation, le \u00a0droit, afin\u00a0 qu\u2019\u00e0 leur retour elles soient des leaders communautaires et forment \u00e0 leur tour d\u2019autres femmes.  ngg_shortcode_13_placeholder Nous avons d\u2019ailleurs d\u00e9jeun\u00e9 dans un restaurant communautaire\u00a0\u00ab\u00a0los Berrak\u2019s\u00a0\u00bb (femmes fortes). Ces femmes afro colombiennes font la cuisine et l\u2019argent r\u00e9colt\u00e9 permet de financer des programmes \u00e9ducatifs. \u00a0\u00a0<\/p>\n\n\n\n<p>Dans ce quartier\nvivent 130&nbsp;000 personnes&nbsp;\u2026\u2026..dans des maisons en briques enchev\u00eatr\u00e9es\nles unes sur les autres, sans isolation et du coup sans aucune intimit\u00e9\npossible. Tout se sait et tout se voit.<\/p>\n\n\n\n<p>Apr\u00e8s toutes ces\nvisites, nous avions pr\u00e9vu et donc r\u00e9serv\u00e9 des nuits d\u2019h\u00f4tels sur la c\u00f4te carib\u00e9enne.\nMais\u2026\u2026\u2026\u2026.&nbsp;\u2026\u2026\u2026..&nbsp;;. nous sommes abonn\u00e9s \u00e0 une newsletter de blogueurs\nfranco colombiens qui nous ont alert\u00e9&nbsp;\nsur une d\u00e9cision du gouvernement colombien. \u2026 <\/p>\n\n\n\n<h3 class=\"wp-block-heading\">\u2026\u2026 FLASH INFO IMPORTANT<br>\nPOUR LES VOYAGEURS ACTUELLEMENT EN COLOMBIE<\/h3>\n\n\n\n<blockquote class=\"wp-block-quote is-layout-flow wp-block-quote-is-layout-flow\"><p><em>Hier, les membres de l&rsquo;ELN, un des derniers groupes officiels de gu\u00e9rilla restant dans le pays, ont publi\u00e9 un message annon\u00e7ant la mise en place d&rsquo;un&nbsp;<strong>couvre-feu sur tout le pays du 14 au 17 f\u00e9vrier prochain.<\/strong><\/em><\/p><p> <em>Le couvre-feu concerne principalement les voies de transports :&nbsp;<strong>route, air, et mer.<\/strong> <\/em><\/p><p><em>Malgr\u00e9 les annonces du gouvernement indiquant que tout sera fait par les forces de l\u2019ordre pour ne pas bloquer le pays, on peut s\u2019attendre \u00e0 ce que la majorit\u00e9 de la population respecte le couvre-feu par pr\u00e9caution.<\/em><\/p><p><em>On ne sait pas comment cela va se passer exactement donc on esp\u00e8re que les agences, les h\u00f4tels, les locaux donneront les bons conseils aux voyageurs. N&rsquo;h\u00e9sitez pas \u00e0 en parler autour de vous.<\/em><\/p><p><em><strong>Notre conseil : ne vous d\u00e9placez pas pendant ces 3 jours<\/strong>.<\/em><\/p><p><em> Organisez-vous pour qu&rsquo;\u00e0 partir du jeudi soir vous puissiez rester au m\u00eame endroit jusqu\u2019\u00e0 lundi. Ne tentez pas le diable, restez sur place et profitez-en pour discuter avec la population. <\/em><\/p><p><em><strong>Il n\u2019y a pas non plus \u00e0 paniquer<\/strong>, respectez juste les consignes et si vous \u00eates \u00e0 la plage, profitez-en, si vous \u00eates en ville, profitez-en, si vous \u00eates \u00e0 la montagne, profitez-en\u2026&nbsp;c<strong>ela fait partie des al\u00e9as d\u2019un voyage dans un pays o\u00f9 la paix est toujours et encore \u00e0 construire<\/strong>.<\/em><\/p><p><em>Cela dit il est fort possible que la plupart des tours organis\u00e9s seront annul\u00e9s, et dans tous les cas&nbsp;<strong>nous vous d\u00e9conseillons d\u2019accepter un tour n\u00e9cessitant du transport<\/strong>&nbsp;pendant ce week-end.<\/em><\/p><p><em>Bien s\u00fbr on peut imaginer que le pays ne va pas s\u2019arr\u00eater pendant 3 jours, surtout dans les grandes villes o\u00f9 il n\u2019y aura que peu d\u2019effet. Ce sont principalement les r\u00e9gions recul\u00e9es et d\u00e9laiss\u00e9es par l\u2019\u00e9tat qui vont souffrir le plus de cet \u00e9v\u00e9nement.<\/em><\/p><p><em><strong>Pour info&nbsp;<\/strong>rapidement, selon l\u2019ELN ce couvre-feu est une r\u00e9action \u00e0 l\u2019arr\u00eat des n\u00e9gociations dans le processus de paix avec le gouvernement. De son c\u00f4t\u00e9 le gouvernement r\u00e9agit en rappelant que la condition pour une reprise des n\u00e9gociations c\u2019est que l\u2019ELN doit d\u00e9poser les armes et lib\u00e9rer les prisonniers.<\/em><\/p><p><em>Rh\u00e9torique habituelle de chaque c\u00f4t\u00e9, qu&rsquo;on avait eu tendance \u00e0 oublier depuis les accords de paix avec les FARC, mais qui resurgit depuis quelques temps avec les probl\u00e9matiques li\u00e9es \u00e0 un nouveau gouvernement qui ne respecte pas toujours ses engagements et d&rsquo;une gu\u00e9rilla ancr\u00e9e sur des positions d&rsquo;affrontement par les armes.<\/em><\/p><p><em><strong>Une fois pass\u00e9 cet \u00e9v\u00e9nement, tout devrait rentrer dans l&rsquo;ordre<\/strong>&nbsp;<strong>et vous permettre de poursuivre votre voyage tranquillement.<\/strong><\/em><\/p><p> Ang\u00e9lica &amp; Samuel <\/p><\/blockquote>\n\n\n\n<p>Du coup on se connectent sur le site du minist\u00e8re des affaires \u00e9trang\u00e8res\nfran\u00e7aise qui &nbsp;dit&nbsp;:<\/p>\n\n\n\n<p><em>Date de\npublication :&nbsp;11 f\u00e9vrier 2020<\/em><\/p>\n\n\n\n<p><em><strong>Manifestation du groupe arm\u00e9 \u00ab&nbsp;Ej\u00e9rcito de Liberaci\u00f3n Nacional&nbsp;\u00bb ou ELN.<\/strong>&nbsp;(Publi\u00e9 le 11 f\u00e9vrier 2020).<\/em><\/p>\n\n\n\n<blockquote class=\"wp-block-quote is-layout-flow wp-block-quote-is-layout-flow\"><p><em>L\u2019Arm\u00e9e de lib\u00e9ration nationale (Ej\u00e9rcito de Liberaci\u00f3n Nacional ou ELN) a annonc\u00e9 lancer un mouvement de protestation arm\u00e9 (\u00ab&nbsp;paro armado&nbsp;\u00bb) sur l\u2019ensemble du territoire colombien, du vendredi 14 f\u00e9vrier 2020 \u00e0 6h (heure locale) au lundi 17 f\u00e9vrier 2020, 6h. Les autorit\u00e9s locales sont en \u00e9tat d\u2019alerte.<\/em><br> <em>Il est recommand\u00e9 de faire preuve de vigilance, de se tenir \u00e0 l\u2019\u00e9cart de tout rassemblement et d\u2019\u00e9viter tout d\u00e9placement dans les r\u00e9gions frontali\u00e8res avec le Venezuela, l\u2019ouest du pays (Pacifique) et le nord du d\u00e9partement de l\u2019Antioquia.<br> Pour rappel, ces zones sont d\u00e9conseill\u00e9es sauf raison imp\u00e9rative (orange sur&nbsp;<a href=\"https:\/\/www.diplomatie.gouv.fr\/fr\/conseils-aux-voyageurs\/conseils-par-pays-destination\/colombie\/#securite\">la carte des Conseils aux voyageurs<\/a>) voire formellement d\u00e9conseill\u00e9es (rouge sur&nbsp;<a href=\"https:\/\/www.diplomatie.gouv.fr\/fr\/conseils-aux-voyageurs\/conseils-par-pays-destination\/colombie\/#securite\">la carte des Conseils aux voyageurs<\/a>). Ce niveau de vigilance est incompatible avec tout s\u00e9jour touristique<\/em><\/p><\/blockquote>\n\n\n\n<p>Alors suite \u00e0 &nbsp;toutes ces informations, nous contactons\nLudovic, notre guide francophone afin d\u2019avoir des pr\u00e9cisions. Il nous confirme\nqu\u2019il vaut mieux diff\u00e9rer notre voyage. <\/p>\n\n\n\n<p>C\u2019est cela les al\u00e9as&nbsp; d\u2019un long voyage.<\/p>\n\n\n\n<p>Nous profiterons de\nce temps \u00ab&nbsp;libre&nbsp;\u00bb&nbsp; &nbsp;pour peaufiner la suite du voyage, bricoler\nsur l\u2019ordi et bouquiner un peu. <\/p>\n\n\n\n<p><a href=\"https:\/\/www.lespinodesintipo.fr\/index.php\/nggallery\/colombie\/medellin?page_id=11340\" target=\"_blank\" rel=\"noreferrer noopener\" aria-label=\" (s\u2019ouvre dans un nouvel onglet)\">photos<\/a><\/p>\n","protected":false},"excerpt":{"rendered":"<p>Grand changement de d\u00e9cor et de vie&nbsp;!!!! Medellin, capitale de l\u2019Antioquia, quatre &nbsp;millions d\u2019habitants avec la banlieue, industrielle, bouillonnante, hyper pollu\u00e9e, situ\u00e9e dans une \u00e9troite vall\u00e9e, d\u2019o\u00f9 surgissent les gratte ciel, mais elle&nbsp; s\u2019\u00e9tend sur les&nbsp; collines environnantes. Medellin c\u2019est aussi, son triste pass\u00e9, dans les ann\u00e9es 1980, la ville a montr\u00e9 sa face sombre. [&hellip;]<\/p>\n","protected":false},"author":1,"featured_media":0,"comment_status":"open","ping_status":"open","sticky":false,"template":"","format":"standard","meta":{"ngg_post_thumbnail":0,"footnotes":""},"categories":[49],"tags":[],"class_list":["post-11821","post","type-post","status-publish","format-standard","hentry","category-colombie"],"_links":{"self":[{"href":"https:\/\/www.lespinodesintipo.fr\/index.php?rest_route=\/wp\/v2\/posts\/11821"}],"collection":[{"href":"https:\/\/www.lespinodesintipo.fr\/index.php?rest_route=\/wp\/v2\/posts"}],"about":[{"href":"https:\/\/www.lespinodesintipo.fr\/index.php?rest_route=\/wp\/v2\/types\/post"}],"author":[{"embeddable":true,"href":"https:\/\/www.lespinodesintipo.fr\/index.php?rest_route=\/wp\/v2\/users\/1"}],"replies":[{"embeddable":true,"href":"https:\/\/www.lespinodesintipo.fr\/index.php?rest_route=%2Fwp%2Fv2%2Fcomments&post=11821"}],"version-history":[{"count":0,"href":"https:\/\/www.lespinodesintipo.fr\/index.php?rest_route=\/wp\/v2\/posts\/11821\/revisions"}],"wp:attachment":[{"href":"https:\/\/www.lespinodesintipo.fr\/index.php?rest_route=%2Fwp%2Fv2%2Fmedia&parent=11821"}],"wp:term":[{"taxonomy":"category","embeddable":true,"href":"https:\/\/www.lespinodesintipo.fr\/index.php?rest_route=%2Fwp%2Fv2%2Fcategories&post=11821"},{"taxonomy":"post_tag","embeddable":true,"href":"https:\/\/www.lespinodesintipo.fr\/index.php?rest_route=%2Fwp%2Fv2%2Ftags&post=11821"}],"curies":[{"name":"wp","href":"https:\/\/api.w.org\/{rel}","templated":true}]}}