{"id":11875,"date":"2020-02-16T21:51:00","date_gmt":"2020-02-16T20:51:00","guid":{"rendered":"http:\/\/www.lespinodesintipo.fr\/?p=11875"},"modified":"2020-02-17T02:54:43","modified_gmt":"2020-02-17T01:54:43","slug":"santa-fe-de-antioquia","status":"publish","type":"post","link":"https:\/\/www.lespinodesintipo.fr\/?p=11875","title":{"rendered":"Santa Fe de Antioquia"},"content":{"rendered":"\n<p> ngg_shortcode_0_placeholder  Cette petite ville \u00e0 2 heures de Medellin, perch\u00e9e seulement \u00e0 500 m\u00e8tres d\u2019altitude, et du coup il y fait tr\u00e8s chaud, 38\u00b0, cela nous change des 30\u00b0 de Medellin. <\/p>\n\n\n\n<p>Elle fut fond\u00e9e en 1541 par Jorge Robledo et a \u00e9t\u00e9 la capitale de l\u2019Antioquia. ngg_shortcode_1_placeholder   Mais le temps s\u2019y est arr\u00eat\u00e9 en 1828, ann\u00e9e o\u00f9 le gouvernement s\u2019est \u00e9tabli \u00e0 Medellin. Elle est rest\u00e9e presque dans son\u00a0\u00ab\u00a0jus\u00a0\u00bb depuis le 19eme si\u00e8cle car elle a \u00e9t\u00e9 \u00e9pargn\u00e9e des d\u00e9molitions. ngg_shortcode_2_placeholder   La vie y semble tr\u00e8s tr\u00e8s calme, le \u00ab\u00a0parque central\u00a0\u00bb avec ses nombreux bancs et ses arbres majestueux, en font un lieu de farniente. <\/p>\n\n\n\n<p>Les rues pav\u00e9es et \u00e9troites\nsont bord\u00e9es de belles maisons blanchies \u00e0 la chaux. Nombreuses sont celles qui\ns\u2019organisent autour d\u2019une splendide cour centrale.<\/p>\n\n\n\n<p> ngg_shortcode_3_placeholder  L\u2019\u00e9glise santa Barbara, construite par les j\u00e9suites au 18eme si\u00e8cle \u00e0 une magnifique fa\u00e7ade baroque. H\u00e9las, nous ne l\u2019avons pas visit\u00e9e car elle n\u2019ouvrait qu\u2019\u00e0 18 heures.<\/p>\n\n\n\n<p><a href=\"https:\/\/www.lespinodesintipo.fr\/index.php\/nggallery\/colombie\/santafe?page_id=11340\" target=\"_blank\" rel=\"noreferrer noopener\" aria-label=\" (s\u2019ouvre dans un nouvel onglet)\">photos<\/a><\/p>\n","protected":false},"excerpt":{"rendered":"<p>Cette petite ville \u00e0 2 heures de Medellin, perch\u00e9e seulement \u00e0 500 m\u00e8tres d\u2019altitude, et du coup il y fait tr\u00e8s chaud, 38\u00b0, cela nous change des 30\u00b0 de Medellin. Elle fut fond\u00e9e en 1541 par Jorge Robledo et a \u00e9t\u00e9 la capitale de l\u2019Antioquia. Mais le temps s\u2019y est arr\u00eat\u00e9 en 1828, ann\u00e9e o\u00f9 [&hellip;]<\/p>\n","protected":false},"author":1,"featured_media":0,"comment_status":"open","ping_status":"open","sticky":false,"template":"","format":"standard","meta":{"ngg_post_thumbnail":0,"footnotes":""},"categories":[49],"tags":[],"class_list":["post-11875","post","type-post","status-publish","format-standard","hentry","category-colombie"],"_links":{"self":[{"href":"https:\/\/www.lespinodesintipo.fr\/index.php?rest_route=\/wp\/v2\/posts\/11875"}],"collection":[{"href":"https:\/\/www.lespinodesintipo.fr\/index.php?rest_route=\/wp\/v2\/posts"}],"about":[{"href":"https:\/\/www.lespinodesintipo.fr\/index.php?rest_route=\/wp\/v2\/types\/post"}],"author":[{"embeddable":true,"href":"https:\/\/www.lespinodesintipo.fr\/index.php?rest_route=\/wp\/v2\/users\/1"}],"replies":[{"embeddable":true,"href":"https:\/\/www.lespinodesintipo.fr\/index.php?rest_route=%2Fwp%2Fv2%2Fcomments&post=11875"}],"version-history":[{"count":0,"href":"https:\/\/www.lespinodesintipo.fr\/index.php?rest_route=\/wp\/v2\/posts\/11875\/revisions"}],"wp:attachment":[{"href":"https:\/\/www.lespinodesintipo.fr\/index.php?rest_route=%2Fwp%2Fv2%2Fmedia&parent=11875"}],"wp:term":[{"taxonomy":"category","embeddable":true,"href":"https:\/\/www.lespinodesintipo.fr\/index.php?rest_route=%2Fwp%2Fv2%2Fcategories&post=11875"},{"taxonomy":"post_tag","embeddable":true,"href":"https:\/\/www.lespinodesintipo.fr\/index.php?rest_route=%2Fwp%2Fv2%2Ftags&post=11875"}],"curies":[{"name":"wp","href":"https:\/\/api.w.org\/{rel}","templated":true}]}}