{"id":11994,"date":"2020-03-01T03:59:00","date_gmt":"2020-03-01T02:59:00","guid":{"rendered":"http:\/\/www.lespinodesintipo.fr\/?p=11994"},"modified":"2020-03-03T04:00:12","modified_gmt":"2020-03-03T03:00:12","slug":"carthagene-des-indes","status":"publish","type":"post","link":"https:\/\/www.lespinodesintipo.fr\/?p=11994","title":{"rendered":"Carthag\u00e8ne des Indes"},"content":{"rendered":"\n<p>La ville\nincontournable &nbsp;en Colombie&nbsp;!!!!!!<\/p>\n\n\n\n<p>Carthag\u00e8ne fut\nfond\u00e9e en 1533 par Pedro de Heredia, mais fut incendi\u00e9e en 1552<\/p>\n\n\n\n<p> ngg_shortcode_0_placeholder Elle est la reine incontest\u00e9e de la c\u00f4te Cara\u00efbe, dont la beaut\u00e9 est pr\u00e9serv\u00e9e par 13 kilom\u00e8tres\u00a0 de fortifications. Elle est inscrite au patrimoine de l\u2019UNESCO. <\/p>\n\n\n\n<p>Las Murallas, ces \u00e9normes\nfortifications \u00e9difi\u00e9es pour prot\u00e9ger la ville ont \u00e9t\u00e9 commenc\u00e9es au 16<sup>\u00e8me<\/sup>\nsi\u00e8cle apr\u00e8s l\u2019attaque du corsaire anglais Francis Drake.<\/p>\n\n\n\n<p>Avant cela la ville\n\u00e9tait d\u00e9pourvue de protection. Il aura fallu deux si\u00e8cles pour aboutir \u00e0 la fin\nde &nbsp;la forteresse soit 25 ans avant\nl\u2019ind\u00e9pendance.<\/p>\n\n\n\n<p> ngg_shortcode_1_placeholder L\u2019attraction principale de Carthag\u00e8ne est&nbsp; incontestablement la vielle ville, notamment l\u2019int\u00e9rieur&nbsp; de la ville fortifi\u00e9e comprenant les quartiers historiques d\u2019el Centro et &nbsp;de San Diego.<\/p>\n\n\n\n<p>Le quartier\nGestemani, plus modeste certes, mais tout autant int\u00e9ressant, abrite beaucoup\nd\u2019h\u00f4tels et de restaurants, c\u2019est d\u2019ailleurs ici que nous avions r\u00e9serv\u00e9 notre\nh\u00f4tel tr\u00e8s sympa. Qui dit belle ville historique dit tourisme intense. <\/p>\n\n\n\n<p> ngg_shortcode_2_placeholder Un&nbsp; vrai labyrinthe de tr\u00e8s belles maisons aux balcons fleuris de bougainvill\u00e9es qui d\u00e9goulinent le long des murs. Des \u00e9glises magnifiques. La cath\u00e9drale&nbsp; commenc\u00e9e en 1575, fut partiellement d\u00e9truite en 1586 par les canons de Francis Drake. Elle a \u00e9t\u00e9 restaur\u00e9e en 2017 et aujourd\u2019hui on peut admirer&nbsp; le stuc peint aux reflets marbr\u00e9s. Les palais aux magnifiques patios se succ\u00e8dent, et sont devenus des h\u00f4tels haut de gamme. Les nombreuses places&nbsp; &nbsp;o\u00f9 tr\u00f4nent des statues des conquistadors, mais \u00e9galement&nbsp; celle de Simon Bolivar. <\/p>\n\n\n\n<p> ngg_shortcode_3_placeholder Nous ne manquerons pas le centre culturel Gabriel Garcia Marquez, l\u2019immense \u00e9crivain &nbsp;Colombien r\u00e9compens\u00e9 du prix Nobel de litt\u00e9rature en 1982. Son &nbsp;buste en bronze est install\u00e9 au centre de la cour. <\/p>\n\n\n\n<p>Nous aurons beaucoup\nappr\u00e9ci\u00e9 cette visite, mais la chaleur et le monde dans les rues ont \u00e9t\u00e9 assez\nfatigants. &nbsp;<\/p>\n\n\n\n<p><a href=\"https:\/\/www.lespinodesintipo.fr\/index.php\/nggallery\/colombie\/carthagene-3?page_id=11340\" target=\"_blank\" rel=\"noreferrer noopener\" aria-label=\" (s\u2019ouvre dans un nouvel onglet)\">photos<\/a><\/p>\n","protected":false},"excerpt":{"rendered":"<p>La ville incontournable &nbsp;en Colombie&nbsp;!!!!!! Carthag\u00e8ne fut fond\u00e9e en 1533 par Pedro de Heredia, mais fut incendi\u00e9e en 1552 Elle est la reine incontest\u00e9e de la c\u00f4te Cara\u00efbe, dont la beaut\u00e9 est pr\u00e9serv\u00e9e par 13 kilom\u00e8tres\u00a0 de fortifications. Elle est inscrite au patrimoine de l\u2019UNESCO. Las Murallas, ces \u00e9normes fortifications \u00e9difi\u00e9es pour prot\u00e9ger la ville [&hellip;]<\/p>\n","protected":false},"author":1,"featured_media":0,"comment_status":"open","ping_status":"open","sticky":false,"template":"","format":"standard","meta":{"ngg_post_thumbnail":0,"footnotes":""},"categories":[49],"tags":[],"class_list":["post-11994","post","type-post","status-publish","format-standard","hentry","category-colombie"],"_links":{"self":[{"href":"https:\/\/www.lespinodesintipo.fr\/index.php?rest_route=\/wp\/v2\/posts\/11994"}],"collection":[{"href":"https:\/\/www.lespinodesintipo.fr\/index.php?rest_route=\/wp\/v2\/posts"}],"about":[{"href":"https:\/\/www.lespinodesintipo.fr\/index.php?rest_route=\/wp\/v2\/types\/post"}],"author":[{"embeddable":true,"href":"https:\/\/www.lespinodesintipo.fr\/index.php?rest_route=\/wp\/v2\/users\/1"}],"replies":[{"embeddable":true,"href":"https:\/\/www.lespinodesintipo.fr\/index.php?rest_route=%2Fwp%2Fv2%2Fcomments&post=11994"}],"version-history":[{"count":0,"href":"https:\/\/www.lespinodesintipo.fr\/index.php?rest_route=\/wp\/v2\/posts\/11994\/revisions"}],"wp:attachment":[{"href":"https:\/\/www.lespinodesintipo.fr\/index.php?rest_route=%2Fwp%2Fv2%2Fmedia&parent=11994"}],"wp:term":[{"taxonomy":"category","embeddable":true,"href":"https:\/\/www.lespinodesintipo.fr\/index.php?rest_route=%2Fwp%2Fv2%2Fcategories&post=11994"},{"taxonomy":"post_tag","embeddable":true,"href":"https:\/\/www.lespinodesintipo.fr\/index.php?rest_route=%2Fwp%2Fv2%2Ftags&post=11994"}],"curies":[{"name":"wp","href":"https:\/\/api.w.org\/{rel}","templated":true}]}}