{"id":12119,"date":"2020-03-10T16:13:00","date_gmt":"2020-03-10T15:13:00","guid":{"rendered":"http:\/\/www.lespinodesintipo.fr\/?p=12119"},"modified":"2020-03-12T16:25:12","modified_gmt":"2020-03-12T15:25:12","slug":"minca","status":"publish","type":"post","link":"https:\/\/www.lespinodesintipo.fr\/?p=12119","title":{"rendered":"Minca"},"content":{"rendered":"\n<p>Minca est situ\u00e9 dans\nla Sierra Nevada, ce grand massif montagneux culminant \u00e0 plus de 5000 m\u00e8tres\nd\u2019altitude, o\u00f9 les neiges \u00e9ternelles&nbsp;\ncoiffent le cerro de Bolivar, et le cerro Cristobal Colomb <\/p>\n\n\n\n<p>Minca est \u00e0 1\/2 heure de la tr\u00e9pidante Santa Marta, nous prenons un taxi pour nous y conduire. La route est bonne et le paysage magnifique. ngg_shortcode_0_placeholder  Nous avons choisi un super petit h\u00f4tel, qui fut autrefois un monast\u00e8re. Autant vous dire que nous \u00e9tions au calme. <\/p>\n\n\n\n<p>De la terrasse du\nrestaurant on contemple la montagne couverte de for\u00eat primaire. <\/p>\n\n\n\n<p> ngg_shortcode_1_placeholder Les colibris y sont tr\u00e8s nombreux, abreuv\u00e9s par le personnel de l\u2019h\u00f4tel, nous nous sommes r\u00e9gal\u00e9s de la pr\u00e9sence de\u00a0 ces jolis petits oiseaux. Il y a \u00e9norm\u00e9ment d\u2019oiseaux dans\u00a0 la sierra Nevada, Fran\u00e7oise y aura vu un tr\u00e8s beau toucan. Sur les 1900 esp\u00e8ces d\u2019oiseaux de la Colombie, 400 vivent dans la Sierra Nevada.<\/p>\n\n\n\n<p> ngg_shortcode_2_placeholder Ce village est travers\u00e9 par un joli\u00a0 rio o\u00f9 les gens se baignent, Il y fait beaucoup moins chaud qu\u2019\u00e0 Santa Marta, l\u2019altitude \u00e9tant\u00a0 de 600 m\u00e8tres seulement. Les possibilit\u00e9s de balades sont nombreuses, nous avons opt\u00e9 pour une randonn\u00e9e d\u2019une journ\u00e9e en moto. Il assez rare de trouver des locations de moto en Colombie, alors on en a profit\u00e9. <\/p>\n\n\n\n<p> ngg_shortcode_3_placeholder Notre deuxi\u00e8me jour sera donc\u00a0 consacr\u00e9 \u00e0 la moto. <\/p>\n\n\n\n<p> ngg_shortcode_4_placeholder Il n\u2019y a pas de route asphalt\u00e9e, ce ne sont que des petites pistes bien\u00a0 d\u00e9fonc\u00e9es et sableuses, donc assez\u00a0\u00abcasse gueule\u00bb, mais Alain \u00e9tant un super driver, nous ferons le tour sans probl\u00e8me. <\/p>\n\n\n\n<p>Les paysages sont toujours tr\u00e8s beaux. Sur la route nous ferons escale dans une plantation de caf\u00e9 qui date de 1892. ngg_shortcode_5_placeholder  Cr\u00e9e par un ing\u00e9nieur anglais et revendue en 1950 \u00e0 une famille allemande, qui poursuit encore aujourd\u2019hui la gestion de la plantation. Toutes les machines datent de l\u2019origine de la plantation sauf\u00a0 une qui date de 1950. Nous la visiterons car elle n\u2019a rien \u00e0 voir avec celle de Don Elias \u00e0 Salento. Ici ce sont 80 hectares de caf\u00e9iers, en bio \u00e9galement. 22 personnes \u00e0 l\u2019ann\u00e9e et plus de 50 pendant la r\u00e9colte qui va de novembre \u00e0 f\u00e9vrier. Une seule r\u00e9colte par an, contre deux 2 pour Don Elias qui est dans une autre r\u00e9gion.<\/p>\n\n\n\n<p>En Colombie, seul\nl\u2019arabica est cultiv\u00e9, on dit que le caf\u00e9 Colombien est le meilleur du monde,\nen tout cas les colombiens en boivent beaucoup.<\/p>\n\n\n\n<p>La r\u00e9colte de la\nplantation Victoria est vendue \u00e0 la coop\u00e9rative. Il est en est gard\u00e9 une\ncertaine quantit\u00e9 qui est vendue sur place.&nbsp;\n<\/p>\n\n\n\n<p> ngg_shortcode_6_placeholder Plusieurs cascades sont\u00a0 sur notre route, nous nous y arr\u00eaterons,\u00a0 elles sont jolies, mais on vu mieux \u00e0 Sulawasi en Indon\u00e9sie.<\/p>\n\n\n\n<p>Cette escapade de\ndeux jours \u00e0 Minca aura \u00e9t\u00e9 tr\u00e8s sympa, et une fois de plus nous attestons de\nla grande diversit\u00e9 des paysages.<\/p>\n\n\n\n<p><a href=\"https:\/\/www.lespinodesintipo.fr\/index.php\/nggallery\/colombie\/minca?page_id=11340\" target=\"_blank\" rel=\"noreferrer noopener\" aria-label=\" (s\u2019ouvre dans un nouvel onglet)\">photos<\/a><\/p>\n","protected":false},"excerpt":{"rendered":"<p>Minca est situ\u00e9 dans la Sierra Nevada, ce grand massif montagneux culminant \u00e0 plus de 5000 m\u00e8tres d\u2019altitude, o\u00f9 les neiges \u00e9ternelles&nbsp; coiffent le cerro de Bolivar, et le cerro Cristobal Colomb Minca est \u00e0 1\/2 heure de la tr\u00e9pidante Santa Marta, nous prenons un taxi pour nous y conduire. La route est bonne et [&hellip;]<\/p>\n","protected":false},"author":1,"featured_media":0,"comment_status":"open","ping_status":"open","sticky":false,"template":"","format":"standard","meta":{"ngg_post_thumbnail":0,"footnotes":""},"categories":[49],"tags":[],"class_list":["post-12119","post","type-post","status-publish","format-standard","hentry","category-colombie"],"_links":{"self":[{"href":"https:\/\/www.lespinodesintipo.fr\/index.php?rest_route=\/wp\/v2\/posts\/12119"}],"collection":[{"href":"https:\/\/www.lespinodesintipo.fr\/index.php?rest_route=\/wp\/v2\/posts"}],"about":[{"href":"https:\/\/www.lespinodesintipo.fr\/index.php?rest_route=\/wp\/v2\/types\/post"}],"author":[{"embeddable":true,"href":"https:\/\/www.lespinodesintipo.fr\/index.php?rest_route=\/wp\/v2\/users\/1"}],"replies":[{"embeddable":true,"href":"https:\/\/www.lespinodesintipo.fr\/index.php?rest_route=%2Fwp%2Fv2%2Fcomments&post=12119"}],"version-history":[{"count":0,"href":"https:\/\/www.lespinodesintipo.fr\/index.php?rest_route=\/wp\/v2\/posts\/12119\/revisions"}],"wp:attachment":[{"href":"https:\/\/www.lespinodesintipo.fr\/index.php?rest_route=%2Fwp%2Fv2%2Fmedia&parent=12119"}],"wp:term":[{"taxonomy":"category","embeddable":true,"href":"https:\/\/www.lespinodesintipo.fr\/index.php?rest_route=%2Fwp%2Fv2%2Fcategories&post=12119"},{"taxonomy":"post_tag","embeddable":true,"href":"https:\/\/www.lespinodesintipo.fr\/index.php?rest_route=%2Fwp%2Fv2%2Ftags&post=12119"}],"curies":[{"name":"wp","href":"https:\/\/api.w.org\/{rel}","templated":true}]}}