{"id":15210,"date":"2022-01-03T23:19:01","date_gmt":"2022-01-03T22:19:01","guid":{"rendered":"https:\/\/www.lespinodesintipo.fr\/?p=15210"},"modified":"2022-01-03T23:32:15","modified_gmt":"2022-01-03T22:32:15","slug":"j-7-les-derniers-preparatifs","status":"publish","type":"post","link":"https:\/\/www.lespinodesintipo.fr\/?p=15210","title":{"rendered":"J-7 Les derniers pr\u00e9paratifs"},"content":{"rendered":"\n<p>On croyait bien ne &nbsp;jamais repartir en voyage \u00e0 cause de cette satan\u00e9e pand\u00e9mie, mais &nbsp;nous sommes t\u00e9m\u00e9raires et surtout passionn\u00e9s par les voyages et la d\u00e9couverte du monde, du coup nous avons refait les valises et nous partons\u2026\u2026\u2026.<\/p>\n\n\n\n<p>Certes nous avons&nbsp; \u00e9t\u00e9 contraints&nbsp; de changer &nbsp;notre destination, puisque La Nouvelle Z\u00e9lande est toujours ferm\u00e9e, et qu\u2019en Polyn\u00e9sie, c\u2019est tout juste si toutes les Iles sont ouvertes alors &nbsp;nous&nbsp; mettrons le cap sur l\u2019Am\u00e9rique du sud. &nbsp;<\/p>\n\n\n\n<p>Au &nbsp;P\u00e9rou dans &nbsp;un premier temps puis dans l\u2019archipel des Gal\u00e1pagos.<\/p>\n\n\n\n<p>Nous avions visit\u00e9 l\u2019\u00c9quateur en 2018, et nous avons tellement aim\u00e9 ces 2 semaines aux Gal\u00e1pagos, que nous d\u00e9cidons &nbsp;d\u2019y retourner.<\/p>\n\n\n\n<p>Quand on est au P\u00e9rou, on n\u2019est &nbsp;pas tr\u00e8s loin de cet archipel.<\/p>\n\n\n\n<p>Donc, nous partons le 12 janvier pour Lima,<\/p>\n\n\n\n<p>Nous y resterons 3 nuits puis nous descendrons tranquillement la c\u00f4te Pacifique jusqu\u2019\u00e0 Arequipa<\/p>\n\n\n\n<p>Puis toujours tranquillement nous \u00ab&nbsp; attaquerons&nbsp;\u00bb les Andes, et ses altitudes \u00e0 donner le&nbsp; vertige.<\/p>\n\n\n\n<p>Nous nous arr\u00eaterons &nbsp;\u00e0 Puno et visiterons cette grande r\u00e9gion, le lac Titicaca bien s\u00fbr, et les iles environnantes, ceci pendant &nbsp;une grosse semaine.<\/p>\n\n\n\n<p>Ensuite Cusco, qui culmine \u00e0 4000 m\u00e8tres, et&nbsp; \u00e7a coupe le souffle, parait il&nbsp;??<\/p>\n\n\n\n<p>Ensuite ce sera l\u2019incontournable Machu Pichu.<\/p>\n\n\n\n<p>Tout \u00e7a devrait nous prendre environ un bon mois&nbsp;?<\/p>\n\n\n\n<p>Puis &nbsp;nous remonterons&nbsp; vers Ayacucho, l\u2019une des plus anciennes villes du pays, puis&nbsp; Huancayo, pour&nbsp; s\u2019impr\u00e9gner de la vie andine non touristique.<\/p>\n\n\n\n<p>Voil\u00e0 pour l\u2019instant, la suite &nbsp;on verra plus tard.<\/p>\n\n\n\n<p>En tout cas il est peu probable que nous allions en Amazonie.\u00a0 Nous y \u00e9tions all\u00e9s lors de notre voyage en \u00c9quateur. De plus, de f\u00e9vrier \u00e0 avril, c\u2019est la saison des pluies et\u00a0 tout est inond\u00e9, le taux d\u2019humidit\u00e9 est de 80% et la temp\u00e9rature tr\u00e8s \u00e9lev\u00e9e.<\/p>\n\n\n\n<figure class=\"wp-block-image size-large\"><a href=\"https:\/\/www.lespinodesintipo.fr\/wp-content\/uploads\/peru-map-0.jpg\"><img loading=\"lazy\" decoding=\"async\" width=\"724\" height=\"1024\" src=\"https:\/\/www.lespinodesintipo.fr\/wp-content\/uploads\/peru-map-0-724x1024.jpg\" alt=\"\" class=\"wp-image-15213\" srcset=\"https:\/\/www.lespinodesintipo.fr\/wp-content\/uploads\/peru-map-0-724x1024.jpg 724w, https:\/\/www.lespinodesintipo.fr\/wp-content\/uploads\/peru-map-0-212x300.jpg 212w, https:\/\/www.lespinodesintipo.fr\/wp-content\/uploads\/peru-map-0-768x1086.jpg 768w, https:\/\/www.lespinodesintipo.fr\/wp-content\/uploads\/peru-map-0-1086x1536.jpg 1086w, https:\/\/www.lespinodesintipo.fr\/wp-content\/uploads\/peru-map-0.jpg 1240w\" sizes=\"(max-width: 724px) 100vw, 724px\" \/><\/a><\/figure>\n\n\n\n<p>Hasta Luego<\/p>\n","protected":false},"excerpt":{"rendered":"<p>On croyait bien ne &nbsp;jamais repartir en voyage \u00e0 cause de cette satan\u00e9e pand\u00e9mie, mais &nbsp;nous sommes t\u00e9m\u00e9raires et surtout passionn\u00e9s par les voyages et la d\u00e9couverte du monde, du coup nous avons refait les valises et nous partons\u2026\u2026\u2026. Certes nous avons&nbsp; \u00e9t\u00e9 contraints&nbsp; de changer &nbsp;notre destination, puisque La Nouvelle Z\u00e9lande est toujours ferm\u00e9e, [&hellip;]<\/p>\n","protected":false},"author":1,"featured_media":0,"comment_status":"open","ping_status":"open","sticky":false,"template":"","format":"standard","meta":{"ngg_post_thumbnail":0,"footnotes":""},"categories":[53],"tags":[],"class_list":["post-15210","post","type-post","status-publish","format-standard","hentry","category-2022-voyage-au-perou-et-equateur"],"_links":{"self":[{"href":"https:\/\/www.lespinodesintipo.fr\/index.php?rest_route=\/wp\/v2\/posts\/15210"}],"collection":[{"href":"https:\/\/www.lespinodesintipo.fr\/index.php?rest_route=\/wp\/v2\/posts"}],"about":[{"href":"https:\/\/www.lespinodesintipo.fr\/index.php?rest_route=\/wp\/v2\/types\/post"}],"author":[{"embeddable":true,"href":"https:\/\/www.lespinodesintipo.fr\/index.php?rest_route=\/wp\/v2\/users\/1"}],"replies":[{"embeddable":true,"href":"https:\/\/www.lespinodesintipo.fr\/index.php?rest_route=%2Fwp%2Fv2%2Fcomments&post=15210"}],"version-history":[{"count":0,"href":"https:\/\/www.lespinodesintipo.fr\/index.php?rest_route=\/wp\/v2\/posts\/15210\/revisions"}],"wp:attachment":[{"href":"https:\/\/www.lespinodesintipo.fr\/index.php?rest_route=%2Fwp%2Fv2%2Fmedia&parent=15210"}],"wp:term":[{"taxonomy":"category","embeddable":true,"href":"https:\/\/www.lespinodesintipo.fr\/index.php?rest_route=%2Fwp%2Fv2%2Fcategories&post=15210"},{"taxonomy":"post_tag","embeddable":true,"href":"https:\/\/www.lespinodesintipo.fr\/index.php?rest_route=%2Fwp%2Fv2%2Ftags&post=15210"}],"curies":[{"name":"wp","href":"https:\/\/api.w.org\/{rel}","templated":true}]}}