{"id":15221,"date":"2022-01-15T21:04:33","date_gmt":"2022-01-15T20:04:33","guid":{"rendered":"https:\/\/www.lespinodesintipo.fr\/?p=15221"},"modified":"2022-01-16T03:32:38","modified_gmt":"2022-01-16T02:32:38","slug":"lima","status":"publish","type":"post","link":"https:\/\/www.lespinodesintipo.fr\/?p=15221","title":{"rendered":"Lima"},"content":{"rendered":"\n<p>Tout d\u2019abord nous&nbsp; vous souhaitons une tr\u00e8s bonne ann\u00e9e 2022, bien entendu, bien meilleure que&nbsp; la pr\u00e9c\u00e9dente. Nous pensons que personne ne nous contredira.<\/p>\n\n\n\n<p>Nous sommes ravis de pouvoir vous donner quelques nouvelles de Lima ou nous avons pos\u00e9 nos bagages pour 3 nuits.<\/p>\n\n\n\n<p>Nous avons voyag\u00e9 sur la compagnie Air France qui nous a bien plu.<\/p>\n\n\n\n<p>Nous avions r\u00e9serv\u00e9 un taxi de France pour venir nous chercher \u00e0 l\u2019a\u00e9roport, ce qui est un petit luxe pas n\u00e9gligeable. Un vrai plaisir que de voir notre nom affich\u00e9 sur un panneau \u00e0 la sortie de l\u2019a\u00e9roport.<\/p>\n\n\n\n<p>Peut \u00eatre que nous nous embourgeoisons ou que nous avons vir\u00e9 dans le club des vrais seniors.<\/p>\n\n\n\n<p>Ceci \u00e9tant dit, nous sommes arriv\u00e9s&nbsp;\u00ab&nbsp; tranquillou&nbsp;\u00bb \u00e0 l\u2019h\u00f4tel.<\/p>\n\n\n\n<p>Notre premi\u00e8re nuit a \u00e9t\u00e9 assez chaotique \u00e0 cause du d\u00e9calage horaire, mais comme nous sommes positifs, on va essayer de reprendre le rythme rapidement.<\/p>\n\n\n\n<p>Du coup \u00e0 9h ce matin nous avions rendez vous avec Laurent de chez Tout P\u00e9rou, pour un briefing. (www.toutperou.com pour les curieux)<\/p>\n\n\n\n<p>Oui cette ann\u00e9e nous faisons dans le confort.<\/p>\n\n\n\n<p>Tout P\u00e9rou est un r\u00e9seau solidaire qui aide les voyageurs \u00e0 organiser leur voyage et leur&nbsp; donne des conseils et suggestions. Ils proposent&nbsp; de r\u00e9server des transports, des sites, des excursions, etc, mais sans&nbsp; jamais imposer. \u00c7a nous va tr\u00e8s bien car on aime g\u00e9rer aussi nos voyages nous m\u00eames.<\/p>\n\n\n\n<p>Du coup nous avons rencontr\u00e9 Laurent ce matin \u00e0 l\u2019h\u00f4tel et avons mis en place quelques services.<\/p>\n\n\n\n<p>Ce qui est formidable c\u2019est que l\u2019on fait ce que l\u2019on veut avec eux, et on gagne du temps.<\/p>\n\n\n\n<p>Lima, capitale du P\u00e9rou, 14 millions d\u2019habitants, de nombreux quartiers, certains \u00e0 ne pas y mettre les pieds, mais d\u2019autres tr\u00e8s agr\u00e9ables, et nous, nous avons choisi le quartier de Miraflores pour loger.<\/p>\n\n\n\n<p>Ce quartier est situ\u00e9 pr\u00e8s du pacifique, tr\u00e8s r\u00e9sidentiel, et pourvu de nombreux magasins&nbsp;, le&nbsp; soir c\u2019est tr\u00e8s anim\u00e9.<\/p>\n\n\n\n<p> ngg_shortcode_0_placeholder Du coup nous avons visit\u00e9 Miraflores et ses nombreux jardins au bord du Pacifique, le plus romantique est bien sur le jardin del amor, d\u2019ailleurs les amoureux y sont nombreux, et au P\u00e9rou, comme dans toute l\u2019Am\u00e9rique latine, les amoureux sont tr\u00e8s d\u00e9monstratifs en public.<\/p>\n\n\n\n<p> ngg_shortcode_1_placeholder L\u2019eau du Pacifique&nbsp; \u00e0 Lima est froide et pourtant nous avons vu des baigneurs et surtout beaucoup de surfeurs, certains sans combinaison, Brrrr.<\/p>\n\n\n\n<p>Notre premi\u00e8re journ\u00e9e se r\u00e9sumera \u00e0 cette belle balade, car le d\u00e9calage horaire se fait sentir et \u00e0 16 heures nous \u00e9tions de retour \u00e0 la chambre.<\/p>\n\n\n\n<p>En apart\u00e9, nous vous&nbsp; parlons un peu de la Covid 19 et ensuite , promis on n\u2019en parle plus.<\/p>\n\n\n\n<p>Alors les r\u00e8gles sanitaires au P\u00e9rou actuellement sont les suivantes :Port du masque&nbsp; en ext\u00e9rieur.<\/p>\n\n\n\n<p>Port de deux masques pour entrer dans les lieux publics (banques, magasins, restaurants, bus etc. )<\/p>\n\n\n\n<p>Et sans pass sanitaire on ne rentre pas.<\/p>\n\n\n\n<p>Il y a de la solution hydro alcoolique partout.<\/p>\n\n\n\n<p>En 2021, Les p\u00e9ruviens ont v\u00e9cu &nbsp;&nbsp;des moments BEAUCOUP plus difficiles que nous en Europe.<\/p>\n\n\n\n<p>Le pays vient de rouvrir ses fronti\u00e8res r\u00e9cemment, et d\u2019ailleurs Laurent nous disait que la population \u00e9tait actuellement ravie de pouvoir ressortir.<\/p>\n\n\n\n<p>Leur confinement a dur\u00e9 de tr\u00e8s longs mois, et dans les familles, une seule personne &nbsp;pouvait sortir pour aller faire les courses.<\/p>\n\n\n\n<p>A ce jour de nombreux h\u00f4tels, restaurants et magasins n\u2019ont pas encore rouverts.<\/p>\n\n\n\n<p>Puis il y a eu &nbsp;la vaccination, et l\u00e0 ce fut tr\u00e8s compliqu\u00e9 pour eux, au d\u00e9but de la campagne le vaccin \u00e9tait payant &nbsp;autant dire que peu de P\u00e9ruviens &nbsp;pouvaient se faire vacciner, enfin le vaccin est devenu gratuit et les files d\u2019attente \u00e9taient interminables, car sans rendez vous.<\/p>\n\n\n\n<p>Laurent nous a dit&nbsp; que pour sa premi\u00e8re vaccination il a attendu pendant 7 heures, et pourtant il \u00e9tait arriv\u00e9 \u00e0 4 heures du matin.<\/p>\n\n\n\n<p>Et pour les tests PCR&nbsp;\u2026\u2026\u2026\u2026 c\u2019est 40 euros&nbsp; pour tout le monde. Quand on sait que le salaire MOYEN au P\u00e9rou est de 476 dollars.<\/p>\n\n\n\n<p>Sans pol\u00e9miquer, il &nbsp;semblerait que les fran\u00e7ais soient un brin enfants g\u00e2t\u00e9s et qu\u2019ils devraient regarder un peu plus loin que leur porte.<\/p>\n\n\n\n<p>Fin de la discussion.<\/p>\n\n\n\n<h2 class=\"wp-block-heading\">Lima, 2eme jour<\/h2>\n\n\n\n<p>Ce matin, nous&nbsp; partons \u00e0 8 heures pour le quartier historique de Lima. Il semblerait que nous ayons surmont\u00e9 le d\u00e9calage horaire.<\/p>\n\n\n\n<p>Notre h\u00f4tel est tout pr\u00e8s du m\u00e9tropolitano (c\u2019est un compromis entre le bus et le m\u00e9tro). Nous achetons une carte style navigo et comme \u00e7a on peut bouger comme on veut.<\/p>\n\n\n\n<p>Il n\u2019y a presque personne, dans le m\u00e9tro, nous sommes assez tranquilles pour faire les 8 kilom\u00e8tres.<\/p>\n\n\n\n<p> ngg_shortcode_2_placeholder Le centre historique de Lima est tr\u00e8s beau, les &nbsp;palais coloniaux ont r\u00e9sist\u00e9 aux nombreux tremblements de terre. D\u2019ailleurs il y en a encore eu un petit la semaine derni\u00e8re, sans faire de d\u00e9g\u00e2ts. Curieusement &nbsp;la cath\u00e9drale, elle, a \u00e9t\u00e9&nbsp; de nombreuses fois reconstruite.<\/p>\n\n\n\n<p>Nous commen\u00e7ons la visite de cette tr\u00e8s &nbsp;belle \u00ab&nbsp;plazza de armas&nbsp;\u00bb ou plazza Major , sur laquelle se trouve le palais du pr\u00e9sident de la r\u00e9publique et sa r\u00e9sidence priv\u00e9e, la cath\u00e9drale, le palais de l\u2019archev\u00each\u00e9 reconverti &nbsp;en mus\u00e9e, et de tr\u00e8s nombreux palais coloniaux.<\/p>\n\n\n\n<p> ngg_shortcode_3_placeholder L\u2019origine du palais pr\u00e9sidentieldate de la fondation de Lima, mais a \u00e9t\u00e9 reconstruit en 1935, et&nbsp;\u00ab&nbsp; revisit\u00e9&nbsp;\u00bb en 2005, Tous les autres palais datent de la fondation de la ville en 1535 par Francisco Pizarro. Chaque jour \u00e0 midi, c\u2019est la rel\u00e8ve de la garde, et le jeudi elle est faite avec les chevaux, sauf qu\u2019aujourd\u2019hui c\u2019est vendredi, donc pas de chevaux.<\/p>\n\n\n\n<p> ngg_shortcode_4_placeholder La visite de la cath\u00e9drale (1725) et du mus\u00e9e apostolique sont tr\u00e8s int\u00e9ressants. Les balcons du mus\u00e9e sont de style Mauresque. La cath\u00e9drale pr\u00e9sente 13 grandes chapelles dont les retables sont cisel\u00e9s d\u2019or et d\u2019argent.&nbsp;<\/p>\n\n\n\n<p>1600 balcons sont \u00ab&nbsp;accroch\u00e9s&nbsp;\u00bb \u00e0 ces palais, A l\u2019\u00e9poque il &nbsp;fallait \u00eatre vu et voir ce qui se passait dans la rue&nbsp;!!!<\/p>\n\n\n\n<p>Avec la colonisation va l\u2019\u00e9vang\u00e9lisation et du coup on trouve des \u00e9glises \u00e0 tous les coins de rue ainsi que les couvents, San Domingo, San Francisco, \u00e9tant les plus&nbsp; importants.<\/p>\n\n\n\n<p> ngg_shortcode_5_placeholder La place est tr\u00e8s belle, malheureusement peu ou pas ombrag\u00e9e, et il fait chaud ici. En son centre&nbsp; une magnifique fontaine de 1650, sans eau h\u00e9las.<\/p>\n\n\n\n<p>Les P\u00e9ruviens, et pourtant nous sommes dans la capitale, sont accueillants, ils s\u2019arr\u00eatent volontiers pour nous demander si on a besoin d\u2019aide et sont ravis quand on leur dit que nous sommes \u00ab&nbsp;FRANCHESSS&nbsp;\u00bb<\/p>\n\n\n\n<p> ngg_shortcode_6_placeholder L\u2019apr\u00e8s midi, visite du&nbsp; magnifique et tr\u00e8s int\u00e9ressant mus\u00e9e Larco, fond\u00e9 par Rafael Larco. Cette visite nous a permis de mieux comprendre l\u2019origine du P\u00e9rou, ses diff\u00e9rentes civilisations, les Mochico, les Chimu, et les Incas. &nbsp;<\/p>\n\n\n\n<p><a rel=\"noreferrer noopener\" href=\"https:\/\/www.lespinodesintipo.fr\/index.php\/nggallery\/P\u00e9rou-2022\/lima?page_id=15278\" target=\"_blank\">photos<\/a><\/p>\n","protected":false},"excerpt":{"rendered":"<p>Tout d\u2019abord nous&nbsp; vous souhaitons une tr\u00e8s bonne ann\u00e9e 2022, bien entendu, bien meilleure que&nbsp; la pr\u00e9c\u00e9dente. Nous pensons que personne ne nous contredira. Nous sommes ravis de pouvoir vous donner quelques nouvelles de Lima ou nous avons pos\u00e9 nos bagages pour 3 nuits. Nous avons voyag\u00e9 sur la compagnie Air France qui nous a [&hellip;]<\/p>\n","protected":false},"author":1,"featured_media":0,"comment_status":"open","ping_status":"open","sticky":false,"template":"","format":"standard","meta":{"ngg_post_thumbnail":0,"footnotes":""},"categories":[53],"tags":[],"class_list":["post-15221","post","type-post","status-publish","format-standard","hentry","category-2022-voyage-au-perou-et-equateur"],"_links":{"self":[{"href":"https:\/\/www.lespinodesintipo.fr\/index.php?rest_route=\/wp\/v2\/posts\/15221"}],"collection":[{"href":"https:\/\/www.lespinodesintipo.fr\/index.php?rest_route=\/wp\/v2\/posts"}],"about":[{"href":"https:\/\/www.lespinodesintipo.fr\/index.php?rest_route=\/wp\/v2\/types\/post"}],"author":[{"embeddable":true,"href":"https:\/\/www.lespinodesintipo.fr\/index.php?rest_route=\/wp\/v2\/users\/1"}],"replies":[{"embeddable":true,"href":"https:\/\/www.lespinodesintipo.fr\/index.php?rest_route=%2Fwp%2Fv2%2Fcomments&post=15221"}],"version-history":[{"count":0,"href":"https:\/\/www.lespinodesintipo.fr\/index.php?rest_route=\/wp\/v2\/posts\/15221\/revisions"}],"wp:attachment":[{"href":"https:\/\/www.lespinodesintipo.fr\/index.php?rest_route=%2Fwp%2Fv2%2Fmedia&parent=15221"}],"wp:term":[{"taxonomy":"category","embeddable":true,"href":"https:\/\/www.lespinodesintipo.fr\/index.php?rest_route=%2Fwp%2Fv2%2Fcategories&post=15221"},{"taxonomy":"post_tag","embeddable":true,"href":"https:\/\/www.lespinodesintipo.fr\/index.php?rest_route=%2Fwp%2Fv2%2Ftags&post=15221"}],"curies":[{"name":"wp","href":"https:\/\/api.w.org\/{rel}","templated":true}]}}