{"id":15288,"date":"2022-01-18T21:31:08","date_gmt":"2022-01-18T20:31:08","guid":{"rendered":"https:\/\/www.lespinodesintipo.fr\/?p=15288"},"modified":"2022-01-18T21:31:08","modified_gmt":"2022-01-18T20:31:08","slug":"paracas-el-chaco","status":"publish","type":"post","link":"https:\/\/www.lespinodesintipo.fr\/?p=15288","title":{"rendered":"Paracas (El Chaco)"},"content":{"rendered":"\n<p>Nous quittons Lima pour Paracas, \u00e0 250 kilom\u00e8tres plus au sud, sur la c\u00f4te Pacifique. Nous avons voyag\u00e9&nbsp; en bus touristique de luxe&nbsp; ce qui est un must dans ce pays.<\/p>\n\n\n\n<p>Nous logeons dans une gentille maison d\u2019h\u00f4tes, ou nous sommes les seuls Fran\u00e7ais, les autres clients sont P\u00e9ruviens, et bien courtois.<\/p>\n\n\n\n<p> ngg_shortcode_0_placeholder Ce petit port de p\u00eache est essentiellement&nbsp; connu pour ses iles Ballestas, ses colonies de lions de mer et ses oiseaux marins. Mais Paracas, a plus \u00e0 offrir, on vous en parle.<\/p>\n\n\n\n<p>Par ailleurs, les plages de la r\u00e9serva nacional natural comptent parmi les plus belles du P\u00e9rou, bien que s\u2019y baigner est r\u00e9serv\u00e9 aux courageux &nbsp;car l\u2019eau est tr\u00e8s froide. Ceci est li\u00e9 au courant de Humboldt qui arrive&nbsp; de l\u2019antarctique.<\/p>\n\n\n\n<p>Cette r\u00e9gion du P\u00e9rou est extr\u00eamement poissonneuse car le plancton y est tr\u00e8s abondant.<\/p>\n\n\n\n<p>Notre arriv\u00e9e \u00e0 Paracas fut un peu mouvement\u00e9e, car un ph\u00e9nom\u00e8ne sismique s\u2019est produit dans les TONGA. En fait un volcan sous-marin a fait \u00e9ruption, ce qui a provoqu\u00e9 un tsunami ressenti&nbsp; entre autre au sud du P\u00e9rou et justement \u00e0 Paracas, o\u00f9 nous arrivons.<\/p>\n\n\n\n<p>Du coup tout le monde \u00e9tait sur le qui vive. Le malecon (front de mer) a \u00e9t\u00e9 inond\u00e9 ainsi qu\u2019une ou deux rues.<\/p>\n\n\n\n<p>A la descente du bus, nous avons fait la connaissance de deux jeunes Fran\u00e7aises en voyage pour 7 \/ 8 mois, elles nous ont paru bien sympathiques, du coup nous d\u00e9cidons de faire des activit\u00e9s ensemble.<\/p>\n\n\n\n<p>A peine nos affaires install\u00e9es \u00e0 l\u2019h\u00f4tel, nous nous donnons&nbsp; rendez vous dans une agence recommand\u00e9e par ToutPerou.<\/p>\n\n\n\n<p>On r\u00e9serve donc un tour pour visite la reserva nacional de Paracas qui &nbsp;repr\u00e9sente 335&nbsp;000 hectares.<\/p>\n\n\n\n<p>Mais ce que nous n\u2019avions pas &nbsp;pr\u00e9vu ni Manuel de l\u2019agence, c\u2019est que les autorit\u00e9s p\u00e9ruviennes ont suspendu tout trafic sur la mer jusqu\u2019\u00e0 nouvel ordre. Du coup nous \u00e9tions sans activit\u00e9 pour le lendemain. Qu\u2019\u00e0 cela tienne, on organise autre chose, et pourquoi pas un tour &nbsp;en buggy dans les immenses dunes de sable. Jamais sans les filles on aurait pens\u00e9 faire&nbsp; ce truc un brin casse cou, mais on ne regrettera pas.<\/p>\n\n\n\n<p> ngg_shortcode_1_placeholder Et donc l\u2019apr\u00e8s midi \u00e0 16h, nous partions avec Camille et Faustine, et un jeune enfant dans un buggy pr\u00e9vu pour 8 personnes \u00e0 la d\u00e9couverte de ces dunes.<\/p>\n\n\n\n<p>Ce fut tr\u00e8s&nbsp;\u00ab&nbsp; fun&nbsp;\u00bb comme disent les jeunes, au d\u00e9but Fran\u00e7oise a eu des quelques appr\u00e9hensions vite dissip\u00e9es. Notre pilote semblait tr\u00e8s&nbsp; \u00e0 l\u2019aise au volant. ngg_shortcode_2_placeholder  Certes, nous nous sommes ensabl\u00e9s une fois sur la cime d\u2019une dune mais avec une planche de sandboard, l\u2019assistant a eu vite fait de g\u00e9rer le mini probl\u00e8me selon eux.<\/p>\n\n\n\n<p>Entre cr\u00eates et cirques ou encore vagues de sable, les paysages sont somptueux. Nous nous sommes arr\u00eat\u00e9s plusieurs fois pour faire du sandboard, euh\u2026\u2026 &nbsp;ce sont les filles qui ont fait du sandboard, pas nous. ngg_shortcode_3_placeholder  \u00c7a&nbsp; nous aurait bien&nbsp; plu, car cela n\u2019est absolument pas dangereux, sauf que lorsqu\u2019on est au fond de la dune, eh bien il faut prendre sa planche sous le bras et remonter, dur, dur, aux dires de Faustine et Camille.<\/p>\n\n\n\n<figure class=\"wp-block-embed is-type-video is-provider-youtube wp-block-embed-youtube wp-embed-aspect-16-9 wp-has-aspect-ratio\"><div class=\"wp-block-embed__wrapper\">\n<iframe loading=\"lazy\" title=\"Sandboard\" width=\"620\" height=\"349\" src=\"https:\/\/www.youtube.com\/embed\/yPeah0CZGNU?feature=oembed\" frameborder=\"0\" allow=\"accelerometer; autoplay; clipboard-write; encrypted-media; gyroscope; picture-in-picture; web-share\" referrerpolicy=\"strict-origin-when-cross-origin\" allowfullscreen><\/iframe>\n<\/div><\/figure>\n\n\n\n<p> ngg_shortcode_4_placeholder Nous avons profit\u00e9 du coucher de soleil, bien rougeoyant entre dunes et oc\u00e9an.<\/p>\n\n\n\n<p>En d\u00e9but de journ\u00e9e de dimanche on se demandait bien ce que nous allions faire et du coup, entre &nbsp;une balade sur le malecon, un&nbsp; bon repas au restaurant, une sieste, des \u00e9changes sur nos diff\u00e9rents voyages avec Faustine et Camille et cette activit\u00e9, nous avons pass\u00e9 une super journ\u00e9e. &nbsp;&nbsp;<\/p>\n\n\n\n<p>Aujourd\u2019hui, nous partons avec Camille et&nbsp; Faustine&nbsp; visiter la reserva nacional natural. Il fait tr\u00e8s beau le ciel est immacul\u00e9, et seule une petit brise nous caresse, mais le soleil est tr\u00e8s m\u00e9chant.<\/p>\n\n\n\n<p> ngg_shortcode_5_placeholder Manuel est notre chauffeur, Il nous explique l\u2019origine de cette r\u00e9serve de 335 00000 hectares, elle est aussi&nbsp; int\u00e9ressante sur le plan arch\u00e9ologique que biologique, elle est prot\u00e9g\u00e9e contre le courant de Humboldt et ses eaux gel\u00e9es. Le plancton y est tr\u00e8s abondant et du coup les poissons \u00e9galement .Cette zone est l\u2019une des mers les plus poissonneuses du monde o\u00f9 la faune est tr\u00e8s importante, en apart\u00e9 le plat national est le ceviche ( poisson cuit au citron et piment). Les oiseaux y sont extr\u00eamement nombreux et d\u2019ailleurs les \u00eeles Ballestas, situ\u00e9es un peu au &nbsp;large, regorgent &nbsp;de guano. Tous &nbsp;les 8 \u00e0 10 ans, il est pr\u00e9lev\u00e9 &nbsp;des milliers de tonnes de guano qui serviront &nbsp;d\u2019engrais pour les jardins du monde entier. Les iles Ballestas se visitent, mais nous ne le ferons pas. On ne veut pas jouer les blas\u00e9s, mais quand on a d\u00e9j\u00e0 visit\u00e9 les Galapagos et qu\u2019on va y retourner, eh bien, on zappe les Ballestas.<\/p>\n\n\n\n<p>Tout compte fait il n\u2019\u00e9tait pas possible de visiter &nbsp;les Ballestas \u00e0 cause d\u2019\u00e9ventuels r\u00e9surgences du Tsunami, Brrrrrrrr, dommage pour nos petites copines qui avaient pr\u00e9vu cette sortie<\/p>\n\n\n\n<p> ngg_shortcode_6_placeholder Le sable des dunes et des plages est &nbsp;de&nbsp; couleurs diff\u00e9rentes si bien que l\u2019on trouve&nbsp; des plages rouges, grises, blanches ou jaunes. Les dunes sont multicolores \u00e9galement, cela en fait un &nbsp;site lunaire si bien que les locaux disent que c\u2019est Mars.<\/p>\n\n\n\n<p>Paracas n\u2019est pas une belle ville, c\u2019est un chantier sans fin, depuis quelques ann\u00e9es pourtant, elle est devenue la cite baln\u00e9aire \u00e0 la mode pour les &nbsp;P\u00e9ruviens du sud. Dans 20 ans, ce sera un haut lieu du tourisme.<\/p>\n\n\n\n<p><a rel=\"noreferrer noopener\" href=\"https:\/\/www.lespinodesintipo.fr\/index.php\/nggallery\/P\u00e9rou-2022\/Paracas?page_id=15278\" target=\"_blank\">photos<\/a><\/p>\n","protected":false},"excerpt":{"rendered":"<p>Nous quittons Lima pour Paracas, \u00e0 250 kilom\u00e8tres plus au sud, sur la c\u00f4te Pacifique. Nous avons voyag\u00e9&nbsp; en bus touristique de luxe&nbsp; ce qui est un must dans ce pays. Nous logeons dans une gentille maison d\u2019h\u00f4tes, ou nous sommes les seuls Fran\u00e7ais, les autres clients sont P\u00e9ruviens, et bien courtois. Ce petit port [&hellip;]<\/p>\n","protected":false},"author":1,"featured_media":0,"comment_status":"open","ping_status":"open","sticky":false,"template":"","format":"standard","meta":{"ngg_post_thumbnail":0,"footnotes":""},"categories":[53],"tags":[],"class_list":["post-15288","post","type-post","status-publish","format-standard","hentry","category-2022-voyage-au-perou-et-equateur"],"_links":{"self":[{"href":"https:\/\/www.lespinodesintipo.fr\/index.php?rest_route=\/wp\/v2\/posts\/15288"}],"collection":[{"href":"https:\/\/www.lespinodesintipo.fr\/index.php?rest_route=\/wp\/v2\/posts"}],"about":[{"href":"https:\/\/www.lespinodesintipo.fr\/index.php?rest_route=\/wp\/v2\/types\/post"}],"author":[{"embeddable":true,"href":"https:\/\/www.lespinodesintipo.fr\/index.php?rest_route=\/wp\/v2\/users\/1"}],"replies":[{"embeddable":true,"href":"https:\/\/www.lespinodesintipo.fr\/index.php?rest_route=%2Fwp%2Fv2%2Fcomments&post=15288"}],"version-history":[{"count":0,"href":"https:\/\/www.lespinodesintipo.fr\/index.php?rest_route=\/wp\/v2\/posts\/15288\/revisions"}],"wp:attachment":[{"href":"https:\/\/www.lespinodesintipo.fr\/index.php?rest_route=%2Fwp%2Fv2%2Fmedia&parent=15288"}],"wp:term":[{"taxonomy":"category","embeddable":true,"href":"https:\/\/www.lespinodesintipo.fr\/index.php?rest_route=%2Fwp%2Fv2%2Fcategories&post=15288"},{"taxonomy":"post_tag","embeddable":true,"href":"https:\/\/www.lespinodesintipo.fr\/index.php?rest_route=%2Fwp%2Fv2%2Ftags&post=15288"}],"curies":[{"name":"wp","href":"https:\/\/api.w.org\/{rel}","templated":true}]}}