{"id":15444,"date":"2022-01-27T04:02:19","date_gmt":"2022-01-27T03:02:19","guid":{"rendered":"https:\/\/www.lespinodesintipo.fr\/?p=15444"},"modified":"2022-01-27T04:02:19","modified_gmt":"2022-01-27T03:02:19","slug":"arequipa","status":"publish","type":"post","link":"https:\/\/www.lespinodesintipo.fr\/?p=15444","title":{"rendered":"Arequipa"},"content":{"rendered":"\n<p>Nous partons pour Arequipa \u00e0 22 heures de la station des bus Cruz del Sur comme d\u2019habitude. On nous donne un petit en cas pour le lendemain matin et nous nous installons en \u00ab&nbsp;classe affaire&nbsp;\u00bb.<\/p>\n\n\n\n<p>Les si\u00e8ges sont hyper larges, \u00e9cran t\u00e9l\u00e9, les si\u00e8ges s\u2019inclinent \u00e0 160 \u00b0 environ, ce qui est tr\u00e8s confortable.<\/p>\n\n\n\n<p>La nuit se &nbsp;passe assez bien et \u00e0 9 heures nous arrivons \u00e0 bon port.<\/p>\n\n\n\n<p>Un taxi et 15 minutes plus tard nous \u00e9tions chez Rosa. Nous avions r\u00e9serv\u00e9 un appartement sur Airbnb. Nous sommes tr\u00e8s tr\u00e8s bien install\u00e9s, dans un grand appartement, pas tr\u00e8s loin de la plaza de armas. Vous pourrez constater qu\u2019on parle de la plaza de armas pour toutes les villes du P\u00e9rou, eh bien oui, chaque ville a sa plaza de armas, plus ou moins belle, bien entendu.<\/p>\n\n\n\n<p>Nous nous habituons rapidement \u00e0 l\u2019altitude,&nbsp; 2350 m\u00e8tres, mais il faut dire que nous sommes all\u00e9s doucement cet apr\u00e8s midi.<\/p>\n\n\n\n<p>ngg_shortcode_0_placeholderNous avons visit\u00e9 bien s\u00fbr la magnifique plaza de armas, bord\u00e9e d\u2019arcades et la tr\u00e8s belle cath\u00e9drale du 17 \u00e8me si\u00e8cle \u00a0avec ses deux clochers, ses 70 colonnes et ses 3 portes, ce qui en fait un monument assez insolite, en fait sa fa\u00e7ade est l\u2019un des c\u00f4t\u00e9s.ngg_shortcode_1_placeholder L\u2019int\u00e9rieur est assez joli, mais l\u2019int\u00e9r\u00eat reste l\u2019ext\u00e9rieur. Elle est construite en sillar (pierre volcanique blanche) et a \u00e9t\u00e9 reconstruite ou r\u00e9par\u00e9e apr\u00e8s chaque s\u00e9isme, le dernier date de 2001.<\/p>\n\n\n\n<p>La place \u00a0avec sa jolie fontaine est tr\u00e8s visit\u00e9e, les familles s\u2019y retrouvent et passent du temps sur les bancs, \u00e0 l\u2019ombre des grands palmiers.<\/p>\n\n\n\n<p>ngg_shortcode_2_placeholderAujourd\u2019hui un \u00e9v\u00e9nement particulier se d\u00e9roulait sur la place. En fait une campagne pour le sauvetage des oiseaux et autres animaux marins victimes de la mar\u00e9e noire du nord de Lima \u00a0\u00e9tait lanc\u00e9e. Il s\u2019agissait de r\u00e9cup\u00e9rer des cheveux afin qu\u2019ils servent de tampons pour absorber le p\u00e9trole brut sur les animaux englu\u00e9s.ngg_shortcode_3_placeholder Ainsi nous avons vu beaucoup de personnes proposer leurs \u00a0cheveux afin de faire un geste pour\u00a0 la faune. Belle initiative.<\/p>\n\n\n\n<p>Ici les femmes ont toutes les cheveux longs ce qui a facilit\u00e9&nbsp; la t\u00e2che. Les hommes ont particip\u00e9 aussi, mais il fallait que la longueur des cheveux soit d\u2019au moins 2,5 cm. Du coup nous ne pouvions pas proposer les n\u00f4tres, surtout pas Alain qui doit avoir 1cm sur le cr\u00e2ne. Une petite anecdote, nous avons remarqu\u00e9 que les femmes et les&nbsp; hommes d\u2019un certain \u00e2ge n\u2019avaient &nbsp;pas&nbsp; de cheveux blancs&nbsp;\u2026. Et pour cause ils doivent se teindre les cheveux, au vu du nombre incroyable de magasins de teintures pour cheveux&nbsp;! C\u2019est un commerce tr\u00e8s lucratif.<\/p>\n\n\n\n<p>Puis nous avons fait un tour dans &nbsp;le quartier San Lazaro, ses petites ruelles \u00e9troites en font un endroit charmant et tr\u00e8s calme, et c\u2019est dans ce quartier que l\u2019on trouve les meilleures picanterias (restaurants de specialit\u00e9s).<\/p>\n\n\n\n<p>Notre premi\u00e8re journ\u00e9e fut d\u00e9j\u00e0 bien riche en d\u00e9couvertes.<\/p>\n\n\n\n<p>ngg_shortcode_4_placeholderCe matin d\u00e8s 9 heures nous nous dirigeons vers le c\u00e9l\u00e8bre monast\u00e8re Santa Catalina. Nous prenons une guide francophone, ce qui paraissait indispensable pour mieux comprendre la vie monacale du 16 \u00e9me si\u00e8cle \u00e0 Arequipa, et la vie y \u00e9tait plut\u00f4t agr\u00e9able. Fond\u00e9 en 1570, par Dona Maria jeune veuve, fille d\u2019un riche noble, Diego Guzman.<\/p>\n\n\n\n<p>&nbsp;Ce monast\u00e8re n\u2019a &nbsp;\u00e9t\u00e9&nbsp; ouvert au public qu\u2019en 1970. Quelques nonnes y vivent encore en parfait isolement.<\/p>\n\n\n\n<p>Au 16 \u00e8me si\u00e8cle les familles riches envoyaient leur deuxi\u00e8me enfant au couvent avec une forte dot. Les nonnes vivaient richement, elles avaient leur servante, et leur mission \u00e9tait de prier 10 heures par jour. \u00a0Elles avaient la vie tr\u00e8s facile avec servantes, beaux meuble, belle vaisselle et excellente nourriture issue des l\u00e9gumes de leur verger. Et si le deuxi\u00e8me enfant \u00e9tait un gar\u00e7on, il devenait moine.<\/p>\n\n\n\n<p>Ce monast\u00e8re de 20&nbsp;000 m\u00e8tres carr\u00e9s est une ville dans la ville.<\/p>\n\n\n\n<p>ngg_shortcode_5_placeholderSe promener dans les rues de ce monast\u00e8re aux couleurs ocre, bleue, blanche, est une source de bien \u00eatre\u00a0; d\u2019autant que les touristes ne sont vraiment pas nombreux actuellemnt. Les fleurs et jardins sont magnifiques.<\/p>\n\n\n\n<p>Puis sortis deux heures plus tard,&nbsp; nous sommes all\u00e9s au march\u00e9 couvert&nbsp; San Camillo, la structure a \u00e9t\u00e9 &nbsp;r\u00e9alis\u00e9e par Eiffel.<\/p>\n\n\n\n<p>ngg_shortcode_6_placeholderOn y trouve de tout, mais le march\u00e9 aux fruits et l\u00e9gumes est particuli\u00e8rement \u00a0beau.<\/p>\n\n\n\n<p>Ensuite direction \u00e0 pied dans le quartier\u00a0 Yanahuara, calme et tr\u00e8s r\u00e9sidentiel avec ses maisons coloniales. ngg_shortcode_7_placeholderSon tr\u00e8s beau parc et son mirador naturel qui permet de \u00a0d\u00e9couvrir le volcan Misti et la ville d\u2019Arequipa\u00a0; mais\u00a0 il est d\u00e9j\u00e0 14 heures et les nuages sont d\u00e9j\u00e0 accroch\u00e9s \u00a0\u00e0\u00a0 la montagne, et nous ne verrons pas grand-chose. Oui Arequipa est construite au c\u0153ur de nombreux sommets\u00a0 de plus de 5500 m\u00e8tres d\u2019altitude.<\/p>\n\n\n\n<p>On reprend un taxi jusqu\u2019\u00e0 la plaza de armas et nous d\u00e9cidons \u00a0d\u2019aller visiter le mus\u00e9e\u00a0 Santuarios Andinos. Alors l\u00e0 aussi on prend un guide francophone et nous allons continuer \u00e0 d\u00e9couvrir la culture Inca. Dans ce mus\u00e9e, on y voit des objets retrouv\u00e9s sur des momies\u00a0 tr\u00e8s bien conserv\u00e9es. Et le clou est Juanita, cette \u00a0petite fille de 12 \u00e0 14 ans \u00a0sacrifi\u00e9e \u00a0par les incas. Pour \u00eatre offerte aux Dieux. Pour les Incas, les montagnes \u00e9taient des dieux. Juanita a \u00e9t\u00e9 retrouv\u00e9e en 1995 par un alpiniste P\u00e9ruvien et un arch\u00e9ologue am\u00e9ricain. Juanita s\u2019appelle ainsi en hommage \u00e0 l\u2019arch\u00e9ologue qui appelait Johan Reinhart. Cette momie vieille de 500 ans a permis des d\u00e9couvertes extraordinaires sur la culture Inca. Juanita \u00a0est conserv\u00e9e dans la \u00a0glace \u00e0 moins 20 degr\u00e9s. <\/p>\n\n\n\n<figure class=\"wp-block-gallery has-nested-images columns-default is-cropped wp-block-gallery-1 is-layout-flex wp-block-gallery-is-layout-flex\">\n<figure class=\"wp-block-image size-large\"><a href=\"https:\/\/www.lespinodesintipo.fr\/wp-content\/uploads\/Momie-Juanita-800x547-1.jpg\"><img loading=\"lazy\" decoding=\"async\" width=\"800\" height=\"547\" data-id=\"15447\" src=\"https:\/\/www.lespinodesintipo.fr\/wp-content\/uploads\/Momie-Juanita-800x547-1.jpg\" alt=\"\" class=\"wp-image-15447\" srcset=\"https:\/\/www.lespinodesintipo.fr\/wp-content\/uploads\/Momie-Juanita-800x547-1.jpg 800w, https:\/\/www.lespinodesintipo.fr\/wp-content\/uploads\/Momie-Juanita-800x547-1-300x205.jpg 300w, https:\/\/www.lespinodesintipo.fr\/wp-content\/uploads\/Momie-Juanita-800x547-1-768x525.jpg 768w\" sizes=\"(max-width: 800px) 100vw, 800px\" \/><\/a><\/figure>\n<figcaption class=\"blocks-gallery-caption\"><a href=\"https:\/\/www.terresmagiques.com\/juanita-la-momie-des-glaces\/\" target=\"_blank\" rel=\"noreferrer noopener\">Pour plus d&rsquo;information cliquer sur ce lien<\/a><\/figcaption><\/figure>\n\n\n\n<p>&nbsp;Arequipa se situe sur la plaque tectonique sud am\u00e9ricaine et la plaque de Nazca et du coup les tremblements de terre sont tr\u00e8s fr\u00e9quents. Notre guide du monast\u00e8re nous disait qu\u2019il fallait vivre avec \u00e7a et ne pas trop y penser. Fran\u00e7oise lui fait remarquer &nbsp;qu\u2019elle avait eu l\u2019impression d\u2019avoir vu le gros lustre du c\u0153ur de l\u2019\u00e9glise bouger.&nbsp; Eh bien elle a dit que c\u2019\u00e9tait peut \u00eatre une mini secousse.<\/p>\n\n\n\n<p>Il y a des gens plus r\u00e9ceptifs aux mouvements telluriques et quand ceux-ci \u00a0disent que \u00e7a bouge eh bien il faut les croire et se mettre en s\u00e9curit\u00e9. Bon on esp\u00e8re que la terre ne bougera pas trop pendant notre s\u00e9jour.<\/p>\n\n\n\n<p><a rel=\"noreferrer noopener\" href=\"https:\/\/www.lespinodesintipo.fr\/index.php\/nggallery\/P\u00e9rou-2022\/Arequipa?page_id=15278\" target=\"_blank\">photos<\/a><\/p>\n","protected":false},"excerpt":{"rendered":"<p>Nous partons pour Arequipa \u00e0 22 heures de la station des bus Cruz del Sur comme d\u2019habitude. On nous donne un petit en cas pour le lendemain matin et nous nous installons en \u00ab&nbsp;classe affaire&nbsp;\u00bb. Les si\u00e8ges sont hyper larges, \u00e9cran t\u00e9l\u00e9, les si\u00e8ges s\u2019inclinent \u00e0 160 \u00b0 environ, ce qui est tr\u00e8s confortable. La [&hellip;]<\/p>\n","protected":false},"author":1,"featured_media":0,"comment_status":"open","ping_status":"open","sticky":false,"template":"","format":"standard","meta":{"ngg_post_thumbnail":0,"footnotes":""},"categories":[53],"tags":[],"class_list":["post-15444","post","type-post","status-publish","format-standard","hentry","category-2022-voyage-au-perou-et-equateur"],"_links":{"self":[{"href":"https:\/\/www.lespinodesintipo.fr\/index.php?rest_route=\/wp\/v2\/posts\/15444"}],"collection":[{"href":"https:\/\/www.lespinodesintipo.fr\/index.php?rest_route=\/wp\/v2\/posts"}],"about":[{"href":"https:\/\/www.lespinodesintipo.fr\/index.php?rest_route=\/wp\/v2\/types\/post"}],"author":[{"embeddable":true,"href":"https:\/\/www.lespinodesintipo.fr\/index.php?rest_route=\/wp\/v2\/users\/1"}],"replies":[{"embeddable":true,"href":"https:\/\/www.lespinodesintipo.fr\/index.php?rest_route=%2Fwp%2Fv2%2Fcomments&post=15444"}],"version-history":[{"count":0,"href":"https:\/\/www.lespinodesintipo.fr\/index.php?rest_route=\/wp\/v2\/posts\/15444\/revisions"}],"wp:attachment":[{"href":"https:\/\/www.lespinodesintipo.fr\/index.php?rest_route=%2Fwp%2Fv2%2Fmedia&parent=15444"}],"wp:term":[{"taxonomy":"category","embeddable":true,"href":"https:\/\/www.lespinodesintipo.fr\/index.php?rest_route=%2Fwp%2Fv2%2Fcategories&post=15444"},{"taxonomy":"post_tag","embeddable":true,"href":"https:\/\/www.lespinodesintipo.fr\/index.php?rest_route=%2Fwp%2Fv2%2Ftags&post=15444"}],"curies":[{"name":"wp","href":"https:\/\/api.w.org\/{rel}","templated":true}]}}