{"id":15477,"date":"2022-01-29T02:59:23","date_gmt":"2022-01-29T01:59:23","guid":{"rendered":"https:\/\/www.lespinodesintipo.fr\/?p=15477"},"modified":"2022-01-29T02:59:23","modified_gmt":"2022-01-29T01:59:23","slug":"arequipa-suite","status":"publish","type":"post","link":"https:\/\/www.lespinodesintipo.fr\/?p=15477","title":{"rendered":"Arequipa suite"},"content":{"rendered":"\n<p>Ce matin nous prenons un bus touristique&nbsp; pour faire un tour de 4 heures dans la&nbsp; p\u00e9riph\u00e9rie d\u2019Arequipa. Nous \u00e9tions les seuls europ\u00e9ens, d\u2019ailleurs.<\/p>\n\n\n\n<p>ngg_shortcode_0_placeholderOn nous a fait repasser au Mirador de Yahanura que nous avions visit\u00e9 la veille et le Misti \u00e9tait toujours dans les nuages, puis on s\u2019arr\u00eate au mirador del Carmen, d\u2019o\u00f9 on peut voir les nombreuses cultures en terrasses et h\u00e9las, des constructions type favelas. Puis doucement nous nous dirigeons vers Caima, une ville annexe d\u2019Arequipa qui nous a sembl\u00e9 sans int\u00e9r\u00eat.ngg_shortcode_1_placeholder On continue notre route et on arrive dans une superbe propri\u00e9t\u00e9 qui est la maison de Garci Manuel de Carbajal, fondateur de la ville d\u2019Arequipa en 1540.<\/p>\n\n\n\n<p>Voil\u00e0 pour la matin\u00e9e.&nbsp;Et \u00e0 midi ou plut\u00f4t 14 heures nous avons d\u00e9jeun\u00e9 sur l\u2019une des terrasses qui bordent la plazza de armas. Nous avons d\u00e9gust\u00e9 deux sp\u00e9cialit\u00e9s d\u2019Arequipa.<\/p>\n\n\n\n<p>Soir\u00e9e calme.<\/p>\n\n\n\n<p>Ce matin on d\u00e9cide de prendre un tour de ville \u00e0 pied avec un guide, sauf qu\u2019on s\u2019y est pris un peu tard, du coup ce sera pour demain. Ok on fait les choses un peu \u00e0 l\u2019envers, on aurait d\u00fb commencer par le tour et retourner dans les coins qui nous avaient &nbsp;plus, eh bien tant pis. On reverra des sites pour la deuxi\u00e8me fois.<\/p>\n\n\n\n<p>Alors on repart dans le quartier San Francisco, domin\u00e9 par \u00a0son immense \u00e9glise dont \u00a0un joli jardin la borde et un immense march\u00e9 artisanal. Nous avons visit\u00e9 une fabrique de\u00a0 v\u00eatements en alpaga, Il existe plusieurs esp\u00e8ces d\u2019alpagas, et en fonction de l\u2019esp\u00e8ce, la laine est plus ou moins fine.ngg_shortcode_2_placeholder Cette laine est hautement chaude, mais h\u00e9las tr\u00e8s ch\u00e8re. La laine encore plus rare est celle de Vigogne, elle ne produit qu\u2019un kilo par an, seul le dos de la b\u00eate est tondu. La laine de b\u00e9b\u00e9 Vigogne est extr\u00eamement rare.<\/p>\n\n\n\n<p>Les animaux sont tondus une fois par an, et on r\u00e9colte en moyenne 4 kilos de laine pour un alpaga adulte.<\/p>\n\n\n\n<p>Puis on retourne dans San Lazaro que nous n\u2019avions pas&nbsp; d\u00e9couvert en totalit\u00e9. Ce quartier est le plus vieux d\u2019Arequipa, &nbsp;il est &nbsp;tr\u00e8s agr\u00e9able et on y d\u00e9jeunera.<\/p>\n\n\n\n<p>Fin d\u2019apr\u00e8s midi sur la plaza de armas \u00e0 observer ce qui s\u2019y passe. En fait il y a de nombreuses familles indig\u00e8nes qui viennent&nbsp; en grand groupes et se font photographier par des photographes professionnels, puis une mari\u00e9e surgit avec&nbsp; son mari ou futur mari, mais sans les invit\u00e9s et font des photos, puis un homme, qui pendant plus d\u2019une heure d\u00e9clame un texte qui semble religieux, on n\u2019y comprend rien, les enfants jouent avec des babioles.<\/p>\n\n\n\n<p>Nous avons aussi reserv\u00e9 notre voyage pour le canyon de Colca samedi. Nous partirons \u00e0 8 heures en bus touristique. On sait que la m\u00e9t\u00e9o ne sera plus la m\u00eame. Ici \u00e0 Arequipa nous avons 22 degr\u00e9s. Dans le Colca on risque les 7 degr\u00e9s.<\/p>\n\n\n\n<p>Fran\u00e7oise a d\u00e9j\u00e0 tout pr\u00e9vu pour&nbsp; ne pas avoir trop froid. Nous serons alors \u00e0 4000 m\u00e8tres d\u2019altitude et on passera un col \u00e0 4900 m\u00e8tres.<\/p>\n\n\n\n<p>ngg_shortcode_3_placeholderDernier jour \u00e0 Arequipa, nous faisons donc le tour de la ville avec une guide. Et \u00e9videmment on repasse dans des coins connus mais d\u2019autres tr\u00e8s sympas, que seuls nous n\u2019aurions pas trouv\u00e9. \u00a0Nous sommes tr\u00e8s satisfaits de ce tour qui a compl\u00e9t\u00e9 nos connaissances.<\/p>\n\n\n\n<p>Puis pour terminer notre derni\u00e8re journ\u00e9e nous avons visit\u00e9\u00a0 le mus\u00e9e de la cath\u00e9drale qui regorge de tr\u00e9sors. H\u00e9las\u00a0 pas de photos autoris\u00e9es.ngg_shortcode_4_placeholder Puis nous sommes mont\u00e9s sur le toit\u00a0 de la cath\u00e9drale d\u2019o\u00f9 l\u2019on peut admirer les trois volcans dont l\u2019un deux est tr\u00e8s actif, le Misti qui grogne assez souvent. Cette nuit il y a eu encore une petite secousse, mais selon\u00a0 la guide, on ne s\u2019affole pas avant 7 sur l\u2019\u00e9chelle de Richter.<\/p>\n\n\n\n<p><a rel=\"noreferrer noopener\" href=\"https:\/\/www.lespinodesintipo.fr\/index.php\/nggallery\/P\u00e9rou-2022\/Arequipa-suite?page_id=15278\" target=\"_blank\">photos<\/a><\/p>\n","protected":false},"excerpt":{"rendered":"<p>Ce matin nous prenons un bus touristique&nbsp; pour faire un tour de 4 heures dans la&nbsp; p\u00e9riph\u00e9rie d\u2019Arequipa. Nous \u00e9tions les seuls europ\u00e9ens, d\u2019ailleurs. On nous a fait repasser au Mirador de Yahanura que nous avions visit\u00e9 la veille et le Misti \u00e9tait toujours dans les nuages, puis on s\u2019arr\u00eate au mirador del Carmen, d\u2019o\u00f9 [&hellip;]<\/p>\n","protected":false},"author":1,"featured_media":0,"comment_status":"open","ping_status":"open","sticky":false,"template":"","format":"standard","meta":{"ngg_post_thumbnail":0,"footnotes":""},"categories":[53],"tags":[],"class_list":["post-15477","post","type-post","status-publish","format-standard","hentry","category-2022-voyage-au-perou-et-equateur"],"_links":{"self":[{"href":"https:\/\/www.lespinodesintipo.fr\/index.php?rest_route=\/wp\/v2\/posts\/15477"}],"collection":[{"href":"https:\/\/www.lespinodesintipo.fr\/index.php?rest_route=\/wp\/v2\/posts"}],"about":[{"href":"https:\/\/www.lespinodesintipo.fr\/index.php?rest_route=\/wp\/v2\/types\/post"}],"author":[{"embeddable":true,"href":"https:\/\/www.lespinodesintipo.fr\/index.php?rest_route=\/wp\/v2\/users\/1"}],"replies":[{"embeddable":true,"href":"https:\/\/www.lespinodesintipo.fr\/index.php?rest_route=%2Fwp%2Fv2%2Fcomments&post=15477"}],"version-history":[{"count":0,"href":"https:\/\/www.lespinodesintipo.fr\/index.php?rest_route=\/wp\/v2\/posts\/15477\/revisions"}],"wp:attachment":[{"href":"https:\/\/www.lespinodesintipo.fr\/index.php?rest_route=%2Fwp%2Fv2%2Fmedia&parent=15477"}],"wp:term":[{"taxonomy":"category","embeddable":true,"href":"https:\/\/www.lespinodesintipo.fr\/index.php?rest_route=%2Fwp%2Fv2%2Fcategories&post=15477"},{"taxonomy":"post_tag","embeddable":true,"href":"https:\/\/www.lespinodesintipo.fr\/index.php?rest_route=%2Fwp%2Fv2%2Ftags&post=15477"}],"curies":[{"name":"wp","href":"https:\/\/api.w.org\/{rel}","templated":true}]}}