{"id":15560,"date":"2022-02-01T03:21:15","date_gmt":"2022-02-01T02:21:15","guid":{"rendered":"https:\/\/www.lespinodesintipo.fr\/?p=15560"},"modified":"2022-02-01T03:21:15","modified_gmt":"2022-02-01T02:21:15","slug":"le-canyon-de-colca","status":"publish","type":"post","link":"https:\/\/www.lespinodesintipo.fr\/?p=15560","title":{"rendered":"Le canyon de Colca"},"content":{"rendered":"\n<p>Nous avons reserv\u00e9 un chauffeur par Tout P\u00e9rou, pour aller dans le canyon de Colca.<\/p>\n\n\n\n<p>Marco sera notre chauffeur guide pour la matin\u00e9e.<\/p>\n\n\n\n<p>Il est 7 heures Marco arrive \u00e0 l\u2019h\u00f4tel et nous pr\u00e9sente le programme qui nous convient tout \u00e0 fait.<\/p>\n\n\n\n<p>ngg_shortcode_0_placeholderLe canyon de Colca est profond d\u2019environ 3000 m\u00e8tres par endroit et se situe au nord d\u2019Arequipa, il est l\u2019un des plus profond au monde, des villages le surplombe et nous, nous logeons \u00e0 Chivay , point de d\u00e9part &nbsp;du canyon.<\/p>\n\n\n\n<p>Ainsi Marco va nous faire d\u00e9couvrir les merveilles de la nature Andine.<\/p>\n\n\n\n<p>Pour entrer dans le canyon on doit s\u2019affranchir en tant que touriste d\u2019une taxe&nbsp; gouvernementale, le canyon \u00e9tant class\u00e9.<\/p>\n\n\n\n<p>ngg_shortcode_1_placeholderPremier arr\u00eat est dans le village de Yanque, pas tr\u00e8s calme \u00e0 7h30, car chaque matin d\u00e8s 7 heures des enfants dansent sur la plaza de armas et les femmes vendent leur artisanat et d\u2019autres proposent des photos avec leur lamas et leur alpagas.<\/p>\n\n\n\n<p>Puis nous nous dirigeons vers la cruz el condor, d\u2019o\u00f9 en principe on peut admirer le vol des condors dans leur milieu naturels. Le condor est un oiseux sacr\u00e9 pour les Incas.ngg_shortcode_2_placeholder Actuellement, \u00e7a n\u2019est pas la bonne saison pour les voir, et nous avons eu la chance d\u2019en voir cinq, des adultes et des Juv\u00e9niles. Un vrai beau spectacle. Evidemment pour les photographier il faut un bon zoom, le n\u00f4tre n\u2019est pas trop mal, du coup &nbsp;on a pu les \u00ab&nbsp;choper&nbsp;\u00bb&nbsp;quand m\u00eame, un tr\u00e8s bon souvenir.<\/p>\n\n\n\n<p>Puis nous reprenons la route, admirant ces montagnes et ce canyon sans se lasser.&nbsp; On arrive ensuite&nbsp; a Cabanaconde, qui n\u2019a pas d\u2019int\u00e9r\u00eat majeur, en revanche le mirador avant d\u2019arriver au village est&nbsp; incontournable. On y&nbsp; d\u00e9couvre&nbsp; deux villages, 1300 m\u00e8tres plus bas, en bordure du rio Colca, assez pr\u00e8s l\u2019un de l\u2019autre, sauf qu\u2019il faut 3 heures de marche pour aller de l\u2019un \u00e0 l\u2019autre&nbsp; et 4 heures pour revenir. Les agriculteurs, pour la plupart cultivent l\u2019orge, le ma\u00efs. La vie dans cette r\u00e9gion est extr\u00eamement difficile.<\/p>\n\n\n\n<p>ngg_shortcode_3_placeholderAu retour nous nous arr\u00eatons dans le village de Maca, o\u00f9 r\u00e8gne une ambiance festive, les enfants dansent, et les vendeurs de Chicha (alcool de ma\u00efs), et autre alcools de cactus, font&nbsp; des heureux.ngg_shortcode_4_placeholder La petite \u00e9glise blanche avec ses jolies poteries ajoute au charme du village, et le jardin au milieu de la place d\u2019arme est fleuri de lys des incas.<\/p>\n\n\n\n<p>ngg_shortcode_5_placeholderPuis &nbsp;au retour, Marco nous arr\u00eate sur un site pr\u00e9-Inca, et nous montre des tombes accroch\u00e9es \u00e0 la roche, tr\u00e8s surprenant.<\/p>\n\n\n\n<p>Cette excursion est un incontournable quand on vient dans le canyon de Colca.<\/p>\n\n\n\n<p>Puis arriv\u00e9s \u00e0 Chivay, nous avons d\u00e9jeun\u00e9 dans un petit restaurant sympa, Alain a pris de l\u2019alpaga aux l\u00e9gumes et Fran\u00e7oise&nbsp; une pizza mode P\u00e9ruvienne garnie de champignons, alpaga, et l\u00e9gumes. Bien bon tout \u00e7a.<\/p>\n\n\n\n<p>Une partie de l\u2019apr\u00e8s midi a \u00e9t\u00e9 consacr\u00e9 la r\u00e9daction de ce petit article (aussi \u00e0 la mise en ligne de l\u2019article pr\u00e9c\u00e9dent) et au choix tr\u00e8s difficiles des photos&nbsp;? En soir\u00e9e nous avons fait un tour dans le village, il y fait froid, et tout est calme.<\/p>\n\n\n\n<p>Sinon dans la journ\u00e9e il fait bon,&nbsp; 20 degr\u00e9s environ. Nous nous habituons doucement \u00e0 l\u2019altitude sauf que de temps en temps nous ressentons un essoufflement ou quelques c\u00e9phal\u00e9es, il parait que c\u2019est tout \u00e0 fait normal. Chivay est \u00e0 3650 m\u00e8tres d\u2019altitude.<\/p>\n\n\n\n<p>ngg_shortcode_6_placeholderCette petite ville de 7700 habitants ressemble plut\u00f4t \u00e0 un gros bourg. Elle est au bord du rio Colca. Sa plaza de armas, son \u00e9glise, tr\u00e8s insolite qui a r\u00e9sist\u00e9 aux exigences des conquistadors, son march\u00e9 color\u00e9 et ses nombreux restaurants, en font une \u00e9tape sympathique pour les touristes et les sportifs. Plusieurs agences proposent des treks de deux \u00e0 quatre jours dans le canyon. Pour nous c\u2019est beaucoup trop difficile. M\u00eame les plus aguerris aux sports de haute montagne disent que ces treks&nbsp; sont tr\u00e8s difficiles.<\/p>\n\n\n\n<p>Nous passons beaucoup de temps \u00e0 nous balader sans faire d\u2019effort<\/p>\n\n\n\n<p>Chivay a aussi un&nbsp; attrait c\u2019est sa Calera. Il s\u2019agit de thermes m\u00e9dicaux.ngg_shortcode_7_placeholder En fait il s\u2019agit de sources chaudes (80 degr\u00e9s) issues du volcan Coltalluni. L\u2019eau a \u00e9t\u00e9 r\u00e9frig\u00e9r\u00e9e \u00e0 38 \u00b0 et distribu\u00e9e dans 5 piscines thermo-m\u00e9dicinales.<\/p>\n\n\n\n<p>Le lieu est tr\u00e8s &nbsp;chouette, en bordure du rio Colca et \u00e0 3 kilom\u00e8tres de Chivay. Nous avons&nbsp; bien entendu pris un colectivo (taxi collectif) pour nous y rendre. Nous y avons tremp\u00e9 deux heures, et avons beaucoup appr\u00e9ci\u00e9, demain nous y retournons.<\/p>\n\n\n\n<p>La composition de l\u2019eau est de 30% de calcium, 19% de zinc et 18% de fer. Elle est excellente pour les rhumatismes, l\u2019arthrose et l\u2019arthrite, \u00e7a tombe bien, nous souffrons d\u2019arthrose.<\/p>\n\n\n\n<p><a rel=\"noreferrer noopener\" href=\"https:\/\/www.lespinodesintipo.fr\/index.php\/nggallery\/P\u00e9rou-2022\/chivay?page_id=15278\" target=\"_blank\">photos<\/a><\/p>\n","protected":false},"excerpt":{"rendered":"<p>Nous avons reserv\u00e9 un chauffeur par Tout P\u00e9rou, pour aller dans le canyon de Colca. Marco sera notre chauffeur guide pour la matin\u00e9e. Il est 7 heures Marco arrive \u00e0 l\u2019h\u00f4tel et nous pr\u00e9sente le programme qui nous convient tout \u00e0 fait. Le canyon de Colca est profond d\u2019environ 3000 m\u00e8tres par endroit et se [&hellip;]<\/p>\n","protected":false},"author":1,"featured_media":0,"comment_status":"open","ping_status":"open","sticky":false,"template":"","format":"standard","meta":{"ngg_post_thumbnail":0,"footnotes":""},"categories":[53],"tags":[],"class_list":["post-15560","post","type-post","status-publish","format-standard","hentry","category-2022-voyage-au-perou-et-equateur"],"_links":{"self":[{"href":"https:\/\/www.lespinodesintipo.fr\/index.php?rest_route=\/wp\/v2\/posts\/15560"}],"collection":[{"href":"https:\/\/www.lespinodesintipo.fr\/index.php?rest_route=\/wp\/v2\/posts"}],"about":[{"href":"https:\/\/www.lespinodesintipo.fr\/index.php?rest_route=\/wp\/v2\/types\/post"}],"author":[{"embeddable":true,"href":"https:\/\/www.lespinodesintipo.fr\/index.php?rest_route=\/wp\/v2\/users\/1"}],"replies":[{"embeddable":true,"href":"https:\/\/www.lespinodesintipo.fr\/index.php?rest_route=%2Fwp%2Fv2%2Fcomments&post=15560"}],"version-history":[{"count":0,"href":"https:\/\/www.lespinodesintipo.fr\/index.php?rest_route=\/wp\/v2\/posts\/15560\/revisions"}],"wp:attachment":[{"href":"https:\/\/www.lespinodesintipo.fr\/index.php?rest_route=%2Fwp%2Fv2%2Fmedia&parent=15560"}],"wp:term":[{"taxonomy":"category","embeddable":true,"href":"https:\/\/www.lespinodesintipo.fr\/index.php?rest_route=%2Fwp%2Fv2%2Fcategories&post=15560"},{"taxonomy":"post_tag","embeddable":true,"href":"https:\/\/www.lespinodesintipo.fr\/index.php?rest_route=%2Fwp%2Fv2%2Ftags&post=15560"}],"curies":[{"name":"wp","href":"https:\/\/api.w.org\/{rel}","templated":true}]}}