{"id":15692,"date":"2022-02-11T03:24:00","date_gmt":"2022-02-11T02:24:00","guid":{"rendered":"https:\/\/www.lespinodesintipo.fr\/?p=15692"},"modified":"2022-02-13T03:38:08","modified_gmt":"2022-02-13T02:38:08","slug":"le-machu-picchu","status":"publish","type":"post","link":"https:\/\/www.lespinodesintipo.fr\/?p=15692","title":{"rendered":"Le Machu Picchu"},"content":{"rendered":"\n<p>Quand on est \u00e0 Cusco, il est \u00e9vident qu\u2019on ne peut pas rater le Machu Picchu. Du coup nous nous adressons \u00e0 une agence franco P\u00e9ruvienne, tenue par Juan et Claire. www.trekkinca.com<\/p>\n\n\n\n<p>Nous optons pour un circuit de deux jours \/ une\u00a0 nuit, pour visiter la vall\u00e9e sacr\u00e9e, le Machu picchu et les salinas de Maras qui sont sur la route.<\/p>\n\n\n\n<p>\u00c0 une quinzaine de kilom\u00e8tres \u00e0 vol d\u2019oiseau de Cusco, se trouve la Vall\u00e9e sacr\u00e9e. Elle se d\u00e9roule au fil du fleuve Urubamba, qui relie les Andes \u00e0 l\u2019Amazonie et est situ\u00e9e en majeure partie \u00e0 moins de 3000 m\u00e8tres d\u2019altitude.&nbsp; Au temps des Incas, son climat agr\u00e9able et ses terres fertiles firent de la vall\u00e9e de l\u2019Urubamba le grenier de l\u2019empire. Il s\u2019agissait \u00e9galement d\u2019un site strat\u00e9gique de contr\u00f4le de l\u2019entr\u00e9e de la jungle.<\/p>\n\n\n\n<p>La vall\u00e9e repr\u00e9sentait \u00e9galement un haut lieu religieux puisque les pr\u00eatres et astrologues incas y voyaient la projection terrestre de la voie lact\u00e9e, la galaxie o\u00f9 l\u2019on trouve les principales constellations incas : le lama, le condor, l\u2019arbre\u2026 Il se d\u00e9gage de cet endroit une \u00e9nergie particuli\u00e8re, une \u00e9tonnante alliance entre douceur de vivre et relief saisissant, entre un pass\u00e9 grandiose et imposant et un pr\u00e9sent rural et color\u00e9. Aujourd\u2019hui la Vall\u00e9e Sacr\u00e9e est un incontournable d\u2019un voyage au P\u00e9rou, en raison de ses nombreux sites incas, de ses paysages verdoyants, et de son statut de porte d\u2019entr\u00e9e \u00e0 Aguas Calientes, le village au pied du Machu Picchu. En effet, impossible de visiter la c\u00e9l\u00e8bre forteresse sans traverser la belle Vall\u00e9e Sacr\u00e9e.<\/p>\n\n\n\n<h2 class=\"wp-block-heading\" id=\"chinchero\">Chinchero<\/h2>\n\n\n\n<p> ngg_shortcode_0_placeholderPerch\u00e9 \u00e0 3 772 m\u00e8tres, on retiendra de ce petit village son\u00a0<strong>\u00e9glise<\/strong>, construite pendant l\u2019\u00e9poque coloniale, dans laquelle on peut appr\u00e9cier de belles peintures. Les dimanches a lieu une foire o\u00f9 commer\u00e7ants et paysans \u00e9changent leurs produits, utilisant parfois le\u00a0<strong>troc<\/strong>. On y trouve aussi des vestiges arch\u00e9ologiques importants, qui sont des restes de la construction de palais pour les \u00e9lites incas.<\/p>\n\n\n\n<h2 class=\"wp-block-heading\" id=\"puis-moray\">Puis Moray<\/h2>\n\n\n\n<p>ngg_shortcode_1_placeholder\u00c0 50 kilom\u00e8tres de Cusco, le site inca de Moray\u00a0 est connu pour ses amphith\u00e9\u00e2tres, form\u00e9 par quatre\u00a0<strong>terrasses<\/strong>\u00a0ou andenes\u00a0<strong>circulaires<\/strong>\u00a0qui semblent dispara\u00eetre \u00e0 l\u2019int\u00e9rieur des hauts plateaux, \u00e0 la fa\u00e7on d\u2019un crat\u00e8re artificiel. Ce lieu constituait probablement un centre de recherche agricole inca consacr\u00e9 \u00e0\u00a0<strong>l\u2019exp\u00e9rimentation de cultures<\/strong>\u00a0dans les diff\u00e9rents niveaux de hauteur de ses parcelles, arros\u00e9es au moyen d\u2019un complexe\u00a0<strong>syst\u00e8me d\u2019irrigation<\/strong>\u00a0qui permettait la culture de plus de 250 esp\u00e8ces v\u00e9g\u00e9tales. Chaque niveau de terrasse constitue un microclimat, obtenu gr\u00e2ce \u00e0 la chaleur emmagasin\u00e9e dans les murs en pierre.\u00a0 On suppose que les cultures test\u00e9es sur le site de Moray \u00e9taient ensuite reproduites dans tout l\u2019Empire Inca.<\/p>\n\n\n\n<h2 class=\"wp-block-heading\" id=\"ensuite-les-salines-de-maras\">Ensuite,&nbsp;Les Salines de Maras<\/h2>\n\n\n\n<p>ngg_shortcode_2_placeholder\u00c0 40 kilom\u00e8tres de Cusco,\u00a0au d\u00e9tour d\u2019un virage les Salines de Maras. Plus de 4000 puits en terrasse, irrigu\u00e9s par une source chaude naturelle, offrent une palette de teintes du blanc au brun. Un spectacle saisissant qui existait d\u00e9j\u00e0 avant les Incas. Les bassins de sel appartiennent \u00e0 pr\u00e9sent \u00e0 1000 familles de la r\u00e9gion, organis\u00e9es en coop\u00e9rative. Le sel r\u00e9colt\u00e9, entre 160 et 200 tonnes chaque ann\u00e9e, est export\u00e9 dans tout le pays.<\/p>\n\n\n\n<h2 class=\"wp-block-heading\" id=\"la-forteresse-d-ollantaytambo\">La forteresse d\u2019Ollantaytambo<\/h2>\n\n\n\n<p>Ollantaytambo se r\u00e9v\u00e8le \u00eatre un village extraordinaire : outre la l\u00e9gende incroyable qui fait sa renomm\u00e9e,\u00a0il est le seul village d\u2019origine inca \u00e0 avoir conserv\u00e9 son plan d\u2019origine. Le pavage, les rigoles d\u2019\u00e9coulement des eaux us\u00e9es, le syst\u00e8me de cours des maisons, rien n\u2019a\u00a0<strong>chang\u00e9 depuis l\u2019\u00e9poque inca<\/strong>.ngg_shortcode_3_placeholder Inachev\u00e9s au moment de la conqu\u00eate espagnole, le temple et la forteresse\u00a0<strong>d\u2019Ollantaytambo<\/strong>\u00a0n\u2019en sont pas moins impressionnants par la hauteur des terrasses et par cette paroi de blocs de quelques six m\u00e8tres de haut\u2026 provenant d\u2019une carri\u00e8re de l\u2019autre c\u00f4t\u00e9 de la vall\u00e9e !<\/p>\n\n\n\n<p>Le petit village est \u00e9galement un incontournable d\u2019un voyage au P\u00e9rou, puisque c\u2019est l\u00e0 que se trouve la station de train reliant la Vall\u00e9e Sacr\u00e9e au village d\u2019Aguas Calientes, porte d\u2019entr\u00e9e du Machu Picchu.<\/p>\n\n\n\n<p>C\u2019est ici en fin de&nbsp; soir\u00e9e &nbsp;que nous prenons le train pour Agua Calientes.<\/p>\n\n\n\n<p>ngg_shortcode_4_placeholderEn raison de la Covid 19, le protocole sanitaire est tr\u00e8s strict. Nous devons montrer nos pass sanitaires, acheter des visi\u00e8res en plastique, porter soit deux masques ou un masque chirurgical.<\/p>\n\n\n\n<p>Toutes ces formalit\u00e9s remplies nous montons dans le train, tr\u00e8s confortable. Il faut environ deux petites heures pour acc\u00e9der \u00e0 Agau Calientes, Le paysage est fantastique, tr\u00e8s rapidement on s\u2019aper\u00e7oit du changement de v\u00e9g\u00e9tation, nous entrons dans un univers&nbsp; \u00e9quatorial avec une v\u00e9g\u00e9tation exub\u00e9rante. L\u2019altitude baisse.<\/p>\n\n\n\n<p>Arriv\u00e9s \u00e0 Aguas Calientes, nous prenons possession de nos chambres.<\/p>\n\n\n\n<p>Notre groupe &nbsp;de quatre personnes, un vrai bonheur&nbsp;; nous deux, Thierry et sa fille Marion.<\/p>\n\n\n\n<p>Le lendemain se joindra Antoine un jeune Fran\u00e7ais en Baroud au P\u00e9rou.<\/p>\n\n\n\n<p>Juan, notre guide est tr\u00e8s \u00e9rudit, il nous apprendra tellement &nbsp;de choses sur l\u2019empire Inca, qu\u2019au retour nous nous sommes replong\u00e9s dans cette culture, pour approfondir nos connaissances.<\/p>\n\n\n\n<p>Voil\u00e0, la nuit a \u00e9t\u00e9 tr\u00e8s bonne, nous ne sommes&nbsp; qu\u2019\u00e0 2410 m\u00e8tres, et du coup aucun sympt\u00f4mes li\u00e9s \u00e0 l\u2019altitude.<\/p>\n\n\n\n<p>D\u00e8s 6 h20 nous \u00e9tions au petit d\u00e9jeuner et \u00e0 6h 30 nous prenions le bus.<\/p>\n\n\n\n<p>Mais, Humm, il pleut, et nous sortons les capes de pluie. Nous esp\u00e9rons que la haut au Machu Picchu , il fera beau \u2026. Ce qui n\u2019est pas gagn\u00e9.<\/p>\n\n\n\n<p>On prend le bus, et trente minutes&nbsp; plus tard, apr\u00e8s avoir fais des lacets et des lacets nous arrivons au Machu Picchu.<\/p>\n\n\n\n<p>Evidemment l\u2019\u00e9motion est l\u00e0, sauf qu\u2019on ne voit rien, mais rien du tout, SNIFFF.<\/p>\n\n\n\n<p>ngg_shortcode_5_placeholderJuan nous dit que nous avons tout notre temps, alors on attend, et\u2026soudain voil\u00e0 la montagne qui se d\u00e9couvre et les ruines qui apparaissent. En fait ce ne sont pas vraiment des ruines, puisque 75% des constructions \u00a0sont d\u2019origine, soit depuis le 12 \u00e8me si\u00e8cle.<\/p>\n\n\n\n<p>Nous ferons 5 heures de visite, donc nous ne pouvons&nbsp; pas vous donner toutes les explications concernant ce site extraordinaire. Pour les curieux de cette culture, se r\u00e9f\u00e9rer \u00e0 Internet qui regorge de documents&nbsp;J&nbsp;J<strong><\/strong><\/p>\n\n\n\n<p><strong>l<\/strong>e&nbsp;<strong>Machu Picchu<\/strong>&nbsp;n&rsquo;est pas seulement une&nbsp;<strong>merveille<\/strong>, c&rsquo;est aussi un paradis de biodiversit\u00e9 unique. Il est&nbsp; situ\u00e9 dans la province d&rsquo;Urubamba, \u00e0 l\u2019entr\u00e9e de l\u2019Amazonie. Son climat est donc sub \u00e9quatorial, d\u2019o\u00f9 une pluviom\u00e9trie importante et une v\u00e9g\u00e9tation exub\u00e9rante. le Sanctuaire historique de&nbsp;<strong>Machu Picchu<\/strong>&nbsp;est l&rsquo;une des 7&nbsp;<strong>merveilles du monde<\/strong>&nbsp;moderne..<\/p>\n\n\n\n<p>Les Incas s\u2019\u00e9taient \u00a0\u00e9tablis ici en raison de cette biodiversit\u00e9 et la possibilit\u00e9 de cultiver toute l\u2019ann\u00e9e.<\/p>\n\n\n\n<p><a rel=\"noreferrer noopener\" href=\"https:\/\/www.lespinodesintipo.fr\/index.php\/nggallery\/P\u00e9rou-2022\/machu-picchu?page_id=15278\" target=\"_blank\">photos<\/a><\/p>\n","protected":false},"excerpt":{"rendered":"<p>Quand on est \u00e0 Cusco, il est \u00e9vident qu\u2019on ne peut pas rater le Machu Picchu. Du coup nous nous adressons \u00e0 une agence franco P\u00e9ruvienne, tenue par Juan et Claire. www.trekkinca.com Nous optons pour un circuit de deux jours \/ une\u00a0 nuit, pour visiter la vall\u00e9e sacr\u00e9e, le Machu picchu et les salinas de [&hellip;]<\/p>\n","protected":false},"author":1,"featured_media":0,"comment_status":"open","ping_status":"open","sticky":false,"template":"","format":"standard","meta":{"ngg_post_thumbnail":0,"footnotes":""},"categories":[53],"tags":[],"class_list":["post-15692","post","type-post","status-publish","format-standard","hentry","category-2022-voyage-au-perou-et-equateur"],"_links":{"self":[{"href":"https:\/\/www.lespinodesintipo.fr\/index.php?rest_route=\/wp\/v2\/posts\/15692"}],"collection":[{"href":"https:\/\/www.lespinodesintipo.fr\/index.php?rest_route=\/wp\/v2\/posts"}],"about":[{"href":"https:\/\/www.lespinodesintipo.fr\/index.php?rest_route=\/wp\/v2\/types\/post"}],"author":[{"embeddable":true,"href":"https:\/\/www.lespinodesintipo.fr\/index.php?rest_route=\/wp\/v2\/users\/1"}],"replies":[{"embeddable":true,"href":"https:\/\/www.lespinodesintipo.fr\/index.php?rest_route=%2Fwp%2Fv2%2Fcomments&post=15692"}],"version-history":[{"count":0,"href":"https:\/\/www.lespinodesintipo.fr\/index.php?rest_route=\/wp\/v2\/posts\/15692\/revisions"}],"wp:attachment":[{"href":"https:\/\/www.lespinodesintipo.fr\/index.php?rest_route=%2Fwp%2Fv2%2Fmedia&parent=15692"}],"wp:term":[{"taxonomy":"category","embeddable":true,"href":"https:\/\/www.lespinodesintipo.fr\/index.php?rest_route=%2Fwp%2Fv2%2Fcategories&post=15692"},{"taxonomy":"post_tag","embeddable":true,"href":"https:\/\/www.lespinodesintipo.fr\/index.php?rest_route=%2Fwp%2Fv2%2Ftags&post=15692"}],"curies":[{"name":"wp","href":"https:\/\/api.w.org\/{rel}","templated":true}]}}