{"id":15952,"date":"2022-03-13T02:50:33","date_gmt":"2022-03-13T01:50:33","guid":{"rendered":"https:\/\/www.lespinodesintipo.fr\/?p=15952"},"modified":"2022-03-13T02:50:33","modified_gmt":"2022-03-13T01:50:33","slug":"les-galapagos-isabela","status":"publish","type":"post","link":"https:\/\/www.lespinodesintipo.fr\/?p=15952","title":{"rendered":"Les Galapagos : Isabela"},"content":{"rendered":"\n<p>Apr\u00e8s nos cinq tr\u00e8s belles journ\u00e9es sur santa Cruz, nous partons pour Isabela, la plus grande \u00eele de l\u2019archipel mais la moins peupl\u00e9e, avec 2200 habitants. Puerto Villamil est le bourg principal et il y a un autre&nbsp; tout petit village \u00e0 16 kilom\u00e8tres&nbsp; sur la c\u00f4te ouest, accessible par des chemins.<\/p>\n\n\n\n<p>La travers\u00e9e de deux heures se passe tr\u00e8s bien sur une&nbsp; mer d\u2019huile, on verra encore des dauphins faire des sauts pr\u00e8s du bateau, un r\u00e9gal.<\/p>\n\n\n\n<p>ngg_shortcode_0_placeholderNous accostons donc \u00e0 Isabela, et nous reconnaissons tout de suite le d\u00e9barcad\u00e8re et l\u2019accueil par les iguanes et les otaries \u00e0 proximit\u00e9.<\/p>\n\n\n\n<figure class=\"wp-block-embed is-type-video is-provider-youtube wp-block-embed-youtube wp-embed-aspect-16-9 wp-has-aspect-ratio\"><div class=\"wp-block-embed__wrapper\">\n<iframe loading=\"lazy\" title=\"VID 20220310 104911\" width=\"620\" height=\"349\" src=\"https:\/\/www.youtube.com\/embed\/rpA38Dtnzio?feature=oembed\" frameborder=\"0\" allow=\"accelerometer; autoplay; clipboard-write; encrypted-media; gyroscope; picture-in-picture; web-share\" referrerpolicy=\"strict-origin-when-cross-origin\" allowfullscreen><\/iframe>\n<\/div><\/figure>\n\n\n\n<p>Notre auberge est \u00e0 800 m\u00e8tres, du coup nous y allons \u00e0 pieds.<\/p>\n\n\n\n<p>On pose nos affaires et partons faires des courses. Il y a une cuisine commune \u00e0 l\u2019auberge, ainsi on peut se faire \u00e0 manger.<\/p>\n\n\n\n<p>Isabela est tr\u00e8s particuli\u00e8re, car beaucoup moins touristique que Santa Cruz et San Cristobal. Le village&nbsp; principal s\u2019appelle Villamil, et l\u2019autre Santa Tomas. &nbsp;Les habitants sont tr\u00e8s cool, il n\u2019y a presque pas de voitures, seulement quelques taxis. La rue principale et&nbsp; quelques autres sont en sable blanc.ngg_shortcode_1_placeholder L\u2019\u00e9glise est, elle aussi tr\u00e8s exotique, tous les animaux des Gal\u00e1pagos figurent sur les murs, ou les vitraux. Certes c\u2019est un peu kitch, mais insolite.<\/p>\n\n\n\n<p>Un tout petit march\u00e9, avec les l\u00e9gumes courants mais bio, on est loin des march\u00e9s P\u00e9ruviens qui regorgent de moult fruits et l\u00e9gumes.<\/p>\n\n\n\n<p>Ici rien n\u2019est import\u00e9 et du coup on ne trouve que ce qui est cultiv\u00e9 sur l\u2019\u00eele.<\/p>\n\n\n\n<p>L e tourisme est une source importante pour l\u2019\u00e9conomie de l\u2019\u00eele. Les agences sont nombreuses \u00e0 proposer des tours, des locations de v\u00e9los, des planches de surf, etc&nbsp;..<\/p>\n\n\n\n<p>La population vit du tourisme, de l\u2019agriculture, et de la p\u00eache. Il n\u2019y a aucune industrie.<\/p>\n\n\n\n<p>ngg_shortcode_2_placeholderNous sommes tr\u00e8s heureux de retrouver les belles plages et les spots pour le snorkeling.<\/p>\n\n\n\n<p>Les otaries sont toujours aussi nombreuses sur l\u2019une des plages.<\/p>\n\n\n\n<figure class=\"wp-block-embed is-type-video is-provider-youtube wp-block-embed-youtube wp-embed-aspect-16-9 wp-has-aspect-ratio\"><div class=\"wp-block-embed__wrapper\">\n<iframe loading=\"lazy\" title=\"VID 20220306 165810\" width=\"620\" height=\"349\" src=\"https:\/\/www.youtube.com\/embed\/6V6NBha1mn0?feature=oembed\" frameborder=\"0\" allow=\"accelerometer; autoplay; clipboard-write; encrypted-media; gyroscope; picture-in-picture; web-share\" referrerpolicy=\"strict-origin-when-cross-origin\" allowfullscreen><\/iframe>\n<\/div><\/figure>\n\n\n\n<p> Il faut faire attention \u00e0 sa serviette de bain, car elles les squattent de temps en temps. On retrouve aussi les iguanes.<\/p>\n\n\n\n<p>ngg_shortcode_3_placeholderA 2 kilom\u00e8tres du village un centre d\u2019\u00e9levage de tortues terrestres est install\u00e9 autour d\u2019une lagune o\u00f9 des flamands roses&nbsp; vivent, &nbsp;nous y sommes all\u00e9s, mais n\u2019avons pas revisit\u00e9 le centre.<\/p>\n\n\n\n<p>Nous avons lou\u00e9 des v\u00e9los pour aller au mur des larmes, \u00e0 6 kilom\u00e8tres de Villamil. Si Isabela est le paradis sur terre, il n\u2019en a pas &nbsp;toujours \u00e9t\u00e9 ainsi. De 1948 \u00e0 1959, un p\u00e9nitencier se trouvait sur l\u2019\u00eele. &nbsp;Il y avait des prisonniers politiques et des prisonniers de droit communs.ngg_shortcode_4_placeholder Il s\u2019av\u00e8re que pour augmenter leur peine de prison, on leur a fait construire un mur au milieu de nulle part. La&nbsp; construction de ce mur de dix m\u00e8tres de hauteur et 100 m\u00e8tres de long n\u2019avait pas d\u2019objectif pr\u00e9cis, sauf celui de d\u00e9truire les hommes, d\u2019ailleurs nombreux sont&nbsp; ceux qui sont morts au travail. Une st\u00e8le leur est d\u00e9di\u00e9e devant le mur.<\/p>\n\n\n\n<p>Un tr\u00e8s beau chemin conduit au mur, mais il n\u2019est pas plat, \u00e7a monte et \u00e7a descend, il fait tr\u00e8s chaud. Nous rencontrons beaucoup de tortues g\u00e9antes et d\u2019iguanes. Nous longeons une tr\u00e8s belle plage, et parfois des petits coins sympathiques&nbsp; sont indiqu\u00e9s.ngg_shortcode_5_placeholder Nous passons devant le charmant petit cimeti\u00e8re aux tombes blanches \u00e9tincelantes.<\/p>\n\n\n\n<p>Nous nous sommes beaucoup r\u00e9gal\u00e9s \u00e0 la Perla qui est site coinc\u00e9 entre mangrove et barre rocheuse, ce qui donne l\u2019impression d\u2019\u00eatre sur un lac. Et l\u00e0, le snorkeling est un bonheur. Certes il y a des poissons multicolores, des iguanes marins qui nagent autour des gens, des tortues, mais surtout des otaries qui viennent jouer autour des plongeurs. Fran\u00e7oise a beaucoup appr\u00e9ci\u00e9 ces moments de jeu avec une jeune otarie.<\/p>\n\n\n\n<p>Un autre jour nous avons pris un tour pour visiter les Tintoreras .<\/p>\n\n\n\n<p>Il s\u2019agit d\u2019une toute petite \u00eele, recouverte de pierres de lave o\u00f9 vivent de nombreux iguanes marins.<\/p>\n\n\n\n<p>ngg_shortcode_6_placeholderNous y verrons aussi des petits pingouins des Gal\u00e1pagos et de nombreux fous \u00e0 pattes bleues, end\u00e9miques des Gal\u00e1pagos.<\/p>\n\n\n\n<p>ngg_shortcode_7_placeholderPuis le guide nous a fait faire une belle randonn\u00e9e marine, dans une eau turquoise&nbsp; o\u00f9 nous avons vu, raie, tortues et nombreux poissons exotiques, et de tr\u00e8s grosses \u00e9toiles de mer. Bien entendu, les otaries sont l\u00e0 ainsi que les iguanes marins qui nous croisaient devant notre masque&nbsp;; tr\u00e8s belle matin\u00e9e.<\/p>\n\n\n\n<p>En ce qui concerne les guides du parc national, ils sont&nbsp; 1000, tout tr\u00e8s sympathique, et fort bien document\u00e9s. Il est obligatoire d\u2019avoir un guide pour visiter le parc national, que ce soit terrestre ou marin qui repr\u00e9sente 7995 kilom\u00e8tres carr\u00e9s.<\/p>\n\n\n\n<p>Et \u00e0 propos de masques\u2026\u2026\u2026.eh bien personne ne porte le masque sur la bouche et le nez&nbsp;; On pourrait croire que la pand\u00e9mie ne les a pas touch\u00e9s. En revanche&nbsp; sur le continent, les Equatoriens sont tr\u00e8s disciplin\u00e9s, et le porte en ext\u00e9rieur et en int\u00e9rieur. Ici c\u2019est l\u2019exotisme \u00e0 fond. Nous avons demand\u00e9 s\u2019il avait eu beaucoup de personnes atteintes de la Covid 19, on nous a r\u00e9pondu \u00ab&nbsp; comme ci comme \u00e7a&nbsp;\u00bb. Alors que sur le continent ce fut une r\u00e9elle catastrophe tout comme au P\u00e9rou.<\/p>\n\n\n\n<p>Aux Gal\u00e1pagos, le masque se porte surtout sur les yeux avec un tuba&nbsp; (&nbsp;:<\/p>\n\n\n\n<p>Notre derni\u00e8re soir\u00e9e sur Isabela a \u00e9t\u00e9 tr\u00e8s festive, car c\u2019\u00e9tait &nbsp;l\u2019\u00e9lection de Miss Isabela. Autant dire que toute a population du village \u00e9tait pr\u00e9sente ainsi que de tr\u00e8s nombreux touristes. Les 3 pr\u00e9tendantes au titre sont bien belles, mais on ne saura pas laquelle fut \u00e9lue car nous sommes partis nous coucher avant la fin de la f\u00eate. Eh oui, nous prenions le bateau \u00e0 6 heures pour revenir sur Santa Cruz, puis continuer sur San Cristobal, o\u00f9 nous resterons 5 jours.<\/p>\n\n\n\n<p><a rel=\"noreferrer noopener\" href=\"https:\/\/www.lespinodesintipo.fr\/index.php\/nggallery\/Equateur-2022\/isabela?page_id=15278\" target=\"_blank\">photos<\/a><\/p>\n","protected":false},"excerpt":{"rendered":"<p>Apr\u00e8s nos cinq tr\u00e8s belles journ\u00e9es sur santa Cruz, nous partons pour Isabela, la plus grande \u00eele de l\u2019archipel mais la moins peupl\u00e9e, avec 2200 habitants. Puerto Villamil est le bourg principal et il y a un autre&nbsp; tout petit village \u00e0 16 kilom\u00e8tres&nbsp; sur la c\u00f4te ouest, accessible par des chemins. La travers\u00e9e de [&hellip;]<\/p>\n","protected":false},"author":1,"featured_media":0,"comment_status":"open","ping_status":"open","sticky":false,"template":"","format":"standard","meta":{"ngg_post_thumbnail":0,"footnotes":""},"categories":[53],"tags":[],"class_list":["post-15952","post","type-post","status-publish","format-standard","hentry","category-2022-voyage-au-perou-et-equateur"],"_links":{"self":[{"href":"https:\/\/www.lespinodesintipo.fr\/index.php?rest_route=\/wp\/v2\/posts\/15952"}],"collection":[{"href":"https:\/\/www.lespinodesintipo.fr\/index.php?rest_route=\/wp\/v2\/posts"}],"about":[{"href":"https:\/\/www.lespinodesintipo.fr\/index.php?rest_route=\/wp\/v2\/types\/post"}],"author":[{"embeddable":true,"href":"https:\/\/www.lespinodesintipo.fr\/index.php?rest_route=\/wp\/v2\/users\/1"}],"replies":[{"embeddable":true,"href":"https:\/\/www.lespinodesintipo.fr\/index.php?rest_route=%2Fwp%2Fv2%2Fcomments&post=15952"}],"version-history":[{"count":0,"href":"https:\/\/www.lespinodesintipo.fr\/index.php?rest_route=\/wp\/v2\/posts\/15952\/revisions"}],"wp:attachment":[{"href":"https:\/\/www.lespinodesintipo.fr\/index.php?rest_route=%2Fwp%2Fv2%2Fmedia&parent=15952"}],"wp:term":[{"taxonomy":"category","embeddable":true,"href":"https:\/\/www.lespinodesintipo.fr\/index.php?rest_route=%2Fwp%2Fv2%2Fcategories&post=15952"},{"taxonomy":"post_tag","embeddable":true,"href":"https:\/\/www.lespinodesintipo.fr\/index.php?rest_route=%2Fwp%2Fv2%2Ftags&post=15952"}],"curies":[{"name":"wp","href":"https:\/\/api.w.org\/{rel}","templated":true}]}}