{"id":15985,"date":"2022-03-17T18:03:50","date_gmt":"2022-03-17T17:03:50","guid":{"rendered":"https:\/\/www.lespinodesintipo.fr\/?p=15985"},"modified":"2022-03-17T18:03:50","modified_gmt":"2022-03-17T17:03:50","slug":"les-galapagos-san-cristobal","status":"publish","type":"post","link":"https:\/\/www.lespinodesintipo.fr\/?p=15985","title":{"rendered":"Les Galapagos : San Cristobal"},"content":{"rendered":"\n<p>Nous avons quitt\u00e9 Isabela&nbsp; un brin nostalgiques, tant cette \u00eele est unique. Elle provoque un bien \u00eatre tel que nous avions vite adopt\u00e9&nbsp; le flegme de ses habitants.<\/p>\n\n\n\n<p>Encore un bateau pour retourner sur Santa Cruz, o\u00f9 l\u2019on fait escale, puis un autre pour San Cristobal. Le tout en quatre heures de navigation. Nous avons de la chance car la mer est tr\u00e8s tr\u00e8s calme.<\/p>\n\n\n\n<p>ngg_shortcode_0_placeholderSan Cristobal et sa ville Puerto Baqueriso Moreno est le chef lieu des Galapagos, mais elle est plus petite que Santa Cruz o\u00f9 tout se passe. Seulement 4000 habitants l\u2019habitent. Nous arrivons, comme dans toutes les autres \u00eeles, \u00e0 distance du quai, et c\u2019est un bateau taxi qui vient nous chercher.<\/p>\n\n\n\n<p>Nous d\u00e9barquons sur le petit quai et tout de suite ce sont les nombreuses otaries qui nous accueillent. San Cristobal est l\u2019\u00eele aux otaries par excellence. Il y en a des centaines dans la ville ou du moins sur les plages qui bordent la ville.<\/p>\n\n\n\n<figure class=\"wp-block-embed is-type-video is-provider-youtube wp-block-embed-youtube wp-embed-aspect-16-9 wp-has-aspect-ratio\"><div class=\"wp-block-embed__wrapper\">\n<iframe loading=\"lazy\" title=\"Promenade en ville\" width=\"620\" height=\"349\" src=\"https:\/\/www.youtube.com\/embed\/cnaHlYlXkPw?feature=oembed\" frameborder=\"0\" allow=\"accelerometer; autoplay; clipboard-write; encrypted-media; gyroscope; picture-in-picture; web-share\" referrerpolicy=\"strict-origin-when-cross-origin\" allowfullscreen><\/iframe>\n<\/div><figcaption>Et un petit tour en ville !!!!!<\/figcaption><\/figure>\n\n\n\n<p> Des petits remparts en grillage ont \u00e9t\u00e9 \u00e9difi\u00e9s afin de limiter leur venue dans la rue et sur les trottoirs, mais quelques unes ont trouv\u00e9 des astuces pour se faufiler hors de ces remparts, et le soir ces demoiselles squattent les bancs publics, s\u2019aventurent dans le square d\u00e9di\u00e9 aux enfants, et ne se g\u00eanent pas d\u2019entrer dans un restaurant si la porte est ouverte.<\/p>\n\n\n\n<figure class=\"wp-block-embed is-type-video is-provider-youtube wp-block-embed-youtube wp-embed-aspect-16-9 wp-has-aspect-ratio\"><div class=\"wp-block-embed__wrapper\">\n<iframe loading=\"lazy\" title=\"La circulation, pas mon probl\u00eame\" width=\"620\" height=\"349\" src=\"https:\/\/www.youtube.com\/embed\/qsZIc-CwmOY?feature=oembed\" frameborder=\"0\" allow=\"accelerometer; autoplay; clipboard-write; encrypted-media; gyroscope; picture-in-picture; web-share\" referrerpolicy=\"strict-origin-when-cross-origin\" allowfullscreen><\/iframe>\n<\/div><\/figure>\n\n\n\n<p>Notre logement est \u00e0 800 m\u00e8tres du port, nous sommes chez un couple Helveto&nbsp;\/Equatorien. Du coup nous pouvons discuter avec&nbsp; Sylvia la propri\u00e9taire qui est parfaitement francophone.<\/p>\n\n\n\n<p>Nous nous installons rapidement et partons faire des courses comme d\u2019habitude.<\/p>\n\n\n\n<p>Le lendemain nous d\u00e9cidons d\u2019aller sur les plages du coin, et elles sont assez nombreuses et surtout que presque toutes se pr\u00eatent au snorkeling, une activit\u00e9 que Fran\u00e7oise appr\u00e9cie tout particuli\u00e8rement.<\/p>\n\n\n\n<p>Nous quittons donc Puerto Baqueriso d\u00e8s 8h30 et nous nous dirigeons vers Playa Mann, bien jolie, mais nous continuons vers Playa Carola. En arrivant sur la plage on voit un attroupement de personnes juste en bordure de plage.ngg_shortcode_1_placeholder On s\u2019approche, et on constate qu\u2019une \u00e9norme tortue vient d\u2019\u00eatre captur\u00e9e. En fait il s\u2019agit de jeunes \u00e9tudiants v\u00e9t\u00e9rinaires Am\u00e9ricains, qui viennent \u00e9tudier la faune des Gal\u00e1pagos. On assiste donc \u00e0 l\u2019examen de la tortue, mensurations, prise de sang, examen clinique etc\u2026<\/p>\n\n\n\n<p>Puis on voit \u00e9galement d\u2019autres \u00e9tudiants, qui transportent des crabes rouges dans des boites afin de les \u00e9tudier. Notre logeuse nous disait&nbsp; que les co\u00fbts pour venir \u00e9tudier ici \u00e9taient pharaoniques. Mais en m\u00eame temps, cela doit \u00eatre tr\u00e8s exaltant de venir \u00e9tudier les animaux in vivo. En tout cas, pour les touristes, la visite est \u00e9galement tr\u00e8s dispendieuse comme disent nos cousins du Qu\u00e9bec, mais \u00e7a vaut vraiment le coup de casser sa tirelire pour d\u00e9couvrir ce paradis.<\/p>\n\n\n\n<p>Puis nous continuons notre chemin jusqu\u2019\u00e0 un&nbsp; tr\u00e8s beau point de vue sur la mer et les volcans. De l\u00e0,&nbsp; l\u2019eau est tellement claire qu\u2019on y voit les poissons multicolores, et bien s\u00fbr encore des otaries.<\/p>\n\n\n\n<p>ngg_shortcode_2_placeholderPour suivre, nous arrivons \u00e0 un tr\u00e8s beau spot de snorkeling, La Tijereta, o\u00f9 nous nous r\u00e9galerons encore une fois, \u00e7a n\u2019est pas une plage mais une toute petite baie aux eaux turquoise enclav\u00e9e dans les roches de lave.<\/p>\n\n\n\n<p>De retour vers la ville nous nous arr\u00eatons au centre d\u2019interpr\u00e9tation de la biodiversit\u00e9 des Gal\u00e1pagos.<\/p>\n\n\n\n<p>Etant patrimoine de L\u2019UNESCO, il est&nbsp; indispensable que l\u2019Equateur mette en \u0153uvre et maintienne toutes les strat\u00e9gies&nbsp; de conservation&nbsp; de ce patrimoine unique au monde.<\/p>\n\n\n\n<p>Enfin vers midi, nous d\u00e9jeunons dans un petit restaurant sur la Playa Mann o\u00f9 nous passerons quelques heures.<\/p>\n\n\n\n<figure class=\"wp-block-embed is-type-video is-provider-youtube wp-block-embed-youtube wp-embed-aspect-16-9 wp-has-aspect-ratio\"><div class=\"wp-block-embed__wrapper\">\n<iframe loading=\"lazy\" title=\"Maman otarie et son petit\" width=\"620\" height=\"349\" src=\"https:\/\/www.youtube.com\/embed\/qlY1gU_C4Ag?feature=oembed\" frameborder=\"0\" allow=\"accelerometer; autoplay; clipboard-write; encrypted-media; gyroscope; picture-in-picture; web-share\" referrerpolicy=\"strict-origin-when-cross-origin\" allowfullscreen><\/iframe>\n<\/div><figcaption>Le bronzage est termin\u00e9<\/figcaption><\/figure>\n\n\n\n<p>Pour finir notre journ\u00e9e, nous nous baladons sur le Malecon (front de mer) o\u00f9 nos copines les otaries font leur spectacle.<\/p>\n\n\n\n<figure class=\"wp-block-embed is-type-video is-provider-youtube wp-block-embed-youtube wp-embed-aspect-16-9 wp-has-aspect-ratio\"><div class=\"wp-block-embed__wrapper\">\n<iframe loading=\"lazy\" title=\"Beaucoup de monde sur la plage\" width=\"620\" height=\"349\" src=\"https:\/\/www.youtube.com\/embed\/nz5bkJ659c0?feature=oembed\" frameborder=\"0\" allow=\"accelerometer; autoplay; clipboard-write; encrypted-media; gyroscope; picture-in-picture; web-share\" referrerpolicy=\"strict-origin-when-cross-origin\" allowfullscreen><\/iframe>\n<\/div><\/figure>\n\n\n\n<p>Nous n\u2019avons pas pris de tour en mer, les plages et les spots de snorkeling nous ont largement suffit.<\/p>\n\n\n\n<p><a rel=\"noreferrer noopener\" href=\"https:\/\/www.lespinodesintipo.fr\/index.php\/nggallery\/Equateur-2022\/galapagos-san-cristobal?page_id=15278\" target=\"_blank\">photos<\/a><\/p>\n","protected":false},"excerpt":{"rendered":"<p>Nous avons quitt\u00e9 Isabela&nbsp; un brin nostalgiques, tant cette \u00eele est unique. Elle provoque un bien \u00eatre tel que nous avions vite adopt\u00e9&nbsp; le flegme de ses habitants. Encore un bateau pour retourner sur Santa Cruz, o\u00f9 l\u2019on fait escale, puis un autre pour San Cristobal. Le tout en quatre heures de navigation. Nous avons [&hellip;]<\/p>\n","protected":false},"author":1,"featured_media":0,"comment_status":"open","ping_status":"open","sticky":false,"template":"","format":"standard","meta":{"ngg_post_thumbnail":0,"footnotes":""},"categories":[53],"tags":[],"class_list":["post-15985","post","type-post","status-publish","format-standard","hentry","category-2022-voyage-au-perou-et-equateur"],"_links":{"self":[{"href":"https:\/\/www.lespinodesintipo.fr\/index.php?rest_route=\/wp\/v2\/posts\/15985"}],"collection":[{"href":"https:\/\/www.lespinodesintipo.fr\/index.php?rest_route=\/wp\/v2\/posts"}],"about":[{"href":"https:\/\/www.lespinodesintipo.fr\/index.php?rest_route=\/wp\/v2\/types\/post"}],"author":[{"embeddable":true,"href":"https:\/\/www.lespinodesintipo.fr\/index.php?rest_route=\/wp\/v2\/users\/1"}],"replies":[{"embeddable":true,"href":"https:\/\/www.lespinodesintipo.fr\/index.php?rest_route=%2Fwp%2Fv2%2Fcomments&post=15985"}],"version-history":[{"count":0,"href":"https:\/\/www.lespinodesintipo.fr\/index.php?rest_route=\/wp\/v2\/posts\/15985\/revisions"}],"wp:attachment":[{"href":"https:\/\/www.lespinodesintipo.fr\/index.php?rest_route=%2Fwp%2Fv2%2Fmedia&parent=15985"}],"wp:term":[{"taxonomy":"category","embeddable":true,"href":"https:\/\/www.lespinodesintipo.fr\/index.php?rest_route=%2Fwp%2Fv2%2Fcategories&post=15985"},{"taxonomy":"post_tag","embeddable":true,"href":"https:\/\/www.lespinodesintipo.fr\/index.php?rest_route=%2Fwp%2Fv2%2Ftags&post=15985"}],"curies":[{"name":"wp","href":"https:\/\/api.w.org\/{rel}","templated":true}]}}