{"id":3485,"date":"2014-12-16T00:12:13","date_gmt":"2014-12-15T23:12:13","guid":{"rendered":"http:\/\/www.lespinodesintipo.fr\/?p=3485"},"modified":"2014-12-16T00:12:13","modified_gmt":"2014-12-15T23:12:13","slug":"j-15","status":"publish","type":"post","link":"https:\/\/www.lespinodesintipo.fr\/?p=3485","title":{"rendered":"J-15"},"content":{"rendered":"<p>Un an est tr\u00e8s vite pass\u00e9, nous voici d\u00e9j\u00e0 \u00e0 l\u2019aube de notre nouveau voyage<\/p>\n<p><a href=\"https:\/\/www.lespinodesintipo.fr\/wp-content\/uploads\/grand-trajet-2015.jpg\"><img loading=\"lazy\" decoding=\"async\" class=\"alignleft wp-image-3488 size-thumbnail\" src=\"https:\/\/www.lespinodesintipo.fr\/wp-content\/uploads\/grand-trajet-2015-150x150.jpg\" alt=\"Grand trajet 2015\" width=\"150\" height=\"150\" \/><\/a>Cette ann\u00e9e nous changeons de continent, bien que l\u2019Asie nous s\u00e9duise toujours, nous souhaitions d\u00e9couvrir d\u2019autres cultures.<\/p>\n<p>Nous nous dirigerons donc vers l\u2019Am\u00e9rique centrale<\/p>\n<p><strong>Le Guatemala, et le Costa Rica seront nos deux destinations privil\u00e9gi\u00e9es<\/strong>.<\/p>\n<p>Nous arriverons \u00e0 Cancun au Mexique le 31 d\u00e9cembre 2014, histoire de mieux g\u00e9rer le voyage, car les vols pour le Guatemala ne sont pas faciles \u00e0 organiser.<\/p>\n<p>Quelques jours \u00e0 Cancun seulement car nous avions visit\u00e9 l\u2019\u00e9tat du Yucatan en 2004. Puis nous \u00a0descendrons en bus vers le Belize (ancien Honduras Britannique). Nous envisageons d\u2019y rester quelques jours, car la belle barri\u00e8re de corail est selon les guides, une destination \u00e0 ne pas rater\u00a0! Et tout le monde sait que nous aimons beaucoup le snorkeling\u00a0!!!<\/p>\n<p><a href=\"https:\/\/www.lespinodesintipo.fr\/wp-content\/uploads\/trajet-2015.jpg\"><img loading=\"lazy\" decoding=\"async\" class=\"alignright size-thumbnail wp-image-3487\" src=\"https:\/\/www.lespinodesintipo.fr\/wp-content\/uploads\/trajet-2015-150x150.jpg\" alt=\"trajet 2015\" width=\"150\" height=\"150\" \/><\/a>Puis (re)bus pour le Guatemala ou nous passerons un petit mois.<\/p>\n<p>D\u00e9but f\u00e9vrier nous prendrons l\u2019avion pour le Costa Rica o\u00f9 nous y resterons encore un petit mois,<\/p>\n<p>Et\u2026\u2026\u00a0 le 4 mars nous serons de retour au bercail<\/p>\n<p>A bient\u00f4t\u00a0!!!<\/p>\n","protected":false},"excerpt":{"rendered":"<p>Un an est tr\u00e8s vite pass\u00e9, nous voici d\u00e9j\u00e0 \u00e0 l\u2019aube de notre nouveau voyage Cette ann\u00e9e nous changeons de continent, bien que l\u2019Asie nous s\u00e9duise toujours, nous souhaitions d\u00e9couvrir d\u2019autres cultures. Nous nous dirigerons donc vers l\u2019Am\u00e9rique centrale Le Guatemala, et le Costa Rica seront nos deux destinations privil\u00e9gi\u00e9es. Nous arriverons \u00e0 Cancun au [&hellip;]<\/p>\n","protected":false},"author":1,"featured_media":0,"comment_status":"open","ping_status":"open","sticky":false,"template":"","format":"standard","meta":{"ngg_post_thumbnail":0,"footnotes":""},"categories":[44],"tags":[],"class_list":["post-3485","post","type-post","status-publish","format-standard","hentry","category-guatemala-costa-rica"],"_links":{"self":[{"href":"https:\/\/www.lespinodesintipo.fr\/index.php?rest_route=\/wp\/v2\/posts\/3485"}],"collection":[{"href":"https:\/\/www.lespinodesintipo.fr\/index.php?rest_route=\/wp\/v2\/posts"}],"about":[{"href":"https:\/\/www.lespinodesintipo.fr\/index.php?rest_route=\/wp\/v2\/types\/post"}],"author":[{"embeddable":true,"href":"https:\/\/www.lespinodesintipo.fr\/index.php?rest_route=\/wp\/v2\/users\/1"}],"replies":[{"embeddable":true,"href":"https:\/\/www.lespinodesintipo.fr\/index.php?rest_route=%2Fwp%2Fv2%2Fcomments&post=3485"}],"version-history":[{"count":0,"href":"https:\/\/www.lespinodesintipo.fr\/index.php?rest_route=\/wp\/v2\/posts\/3485\/revisions"}],"wp:attachment":[{"href":"https:\/\/www.lespinodesintipo.fr\/index.php?rest_route=%2Fwp%2Fv2%2Fmedia&parent=3485"}],"wp:term":[{"taxonomy":"category","embeddable":true,"href":"https:\/\/www.lespinodesintipo.fr\/index.php?rest_route=%2Fwp%2Fv2%2Fcategories&post=3485"},{"taxonomy":"post_tag","embeddable":true,"href":"https:\/\/www.lespinodesintipo.fr\/index.php?rest_route=%2Fwp%2Fv2%2Ftags&post=3485"}],"curies":[{"name":"wp","href":"https:\/\/api.w.org\/{rel}","templated":true}]}}