{"id":4265,"date":"2015-02-06T22:25:44","date_gmt":"2015-02-06T21:25:44","guid":{"rendered":"http:\/\/www.lespinodesintipo.fr\/?p=4265"},"modified":"2015-02-07T05:27:56","modified_gmt":"2015-02-07T04:27:56","slug":"costa-rica","status":"publish","type":"post","link":"https:\/\/www.lespinodesintipo.fr\/?p=4265","title":{"rendered":"Costa Rica"},"content":{"rendered":"<p>Quel changement\u00a0!!! Nous arrivons \u00e0 San Jose, capitale du Costa Rica, 2 millions d\u2019habitants avec l\u2019agglo. Tout y est propre et bien entretenu.<\/p>\n<p>Nous n\u2019y s\u00e9journerons pas maintenant car nous envisageons de le faire en fin de s\u00e9jour.<\/p>\n<p>D\u00e8s le lendemain de notre arriv\u00e9e, Nous avons rendez vous avec Pierre (rencontr\u00e9 via son blog) et Mayela. Ils vont nous donner des tuyaux pour d\u00e9couvrir le pays. Ces informations seront pr\u00e9cieuses pour nous.<\/p>\n<p>ngg_shortcode_0_placeholderNous louons un petit 4X4 Daihatsu pour 3 semaines, car les r\u00e9gions que nous allons visiter ne sont souvent accessibles qu\u2019avec ce genre de v\u00e9hicule.<\/p>\n<p>Notre premi\u00e8re journ\u00e9e motoris\u00e9e n\u2019est pas terrible, nous montons jusqu\u2019au volcan Poas, mais h\u00e9las il est dans les nuages et nous ne verrons rien. Du coup, on se prend un bel h\u00f4tel, et \u00e0 17 heures nous rentrons et prenons un bon th\u00e9 et biscuits en premi\u00e8re partie de soir\u00e9e, puis suit rhum et guacamole, et \u2026 soupe, comme \u00e0 la maison, nous esp\u00e9rons que demain il fera beau.<\/p>\n<p>En tout cas cette r\u00e9gion est absolument magnifique, les grosses bonne vaches paissent dans des prairies bien vertes, les hortensias BLEUS, ont des t\u00eates de 30 centim\u00e8tre de diam\u00e8tre, les agapanthes poussent partout ainsi que cam\u00e9lias, fuschias, hibiscus, arums g\u00e9ants, et de nombreuses autres fleurs. ngg_shortcode_1_placeholderLes petits colibris butinent autour de nous, super\u00a0!!!<\/p>\n<p>Ce matin, apr\u00e8s une bonne nuit, nous partons donc vers le parc du volcan Poas. L\u2019acc\u00e8s est facile. La route est\u00a0\u00a0 sinueuse et pentue mais tr\u00e8s agr\u00e9able, et il fait grand soleil.<\/p>\n<p>C\u2019est le site le plus visit\u00e9 du Costa Rica. Son attrait majeur est le volcan Poas (2704 m\u00e8tres)<\/p>\n<p>La derni\u00e8re \u00e9ruption date de 1953, elle a laiss\u00e9 un immense crat\u00e8re de 1200 m\u00e8tres de diam\u00e8tre et 300 m\u00e8tres de profondeur.<\/p>\n<p>ngg_shortcode_2_placeholderDans l\u2019un des crat\u00e8res on peut admirer un lac Bleu turquoise et un peu plus loin, un autre lac entour\u00e9 d\u2019une v\u00e9g\u00e9tation luxuriante.<\/p>\n<p>Des petits chemins de randonn\u00e9es permettent de se promener dans la petite for\u00eat de nuages o\u00f9 s\u2019\u00e9panouissent des brom\u00e9liac\u00e9es et des lichens.<\/p>\n<p>Suite \u00e0 cette bonne journ\u00e9e, nous partons vers Le parc Monteverde, \u00e0 100 kilom\u00e8tres environ de l\u00e0. \u00a0A partir d\u2019un moment, la route devient une piste et c\u2019est sur 23 km de piste blanche et tr\u00e8s poussi\u00e9reuse que nous finirons le voyage. Nous appr\u00e9cions d\u2019avoir notre 4X4.<\/p>\n<p>Nous arrivons donc vers 17 heures et trouvons de suite une petite auberge sympa.<\/p>\n<p>ngg_shortcode_3_placeholderT\u00f4t ce matin nous sommes \u00e0 l\u2019ent\u00e9e du parc de Monteverde, nous voulions pouvoir entrer assez t\u00f4t, car bien que cette r\u00e9serve soit immense, seulement 160 personnes ne peuvent y entrer en m\u00eame temps. Du coup nous avons la sensation d\u2019\u00eatre seuls dans cette for\u00eat primaire. Nous sommes dans les nuages et l\u2019atmosph\u00e8re est TRES humide \u00e9videmment. Il s\u2019agit d\u2019un \u00ab\u00a0bosque nubuso\u00a0\u00bb. , c&rsquo;est-\u00e0-dire une for\u00eat de nuages. Certaines plantes n\u2019ont besoin que des nuages et de l\u2019eau pour cro\u00eetre.<\/p>\n<p>Sur l\u2019un des grands arbres du site nous avons pu lire que 70 esp\u00e8ces de plantes \u00e9piphytes et 50 esp\u00e8ces d\u2019orchid\u00e9es poussaient sur ce gigantesque arbre.<\/p>\n<p>Face \u00e0 cette immensit\u00e9 v\u00e9g\u00e9tale, nous nous sentions bien petits.<\/p>\n<p>En principe nous aurons pu voir des animaux car cette r\u00e9serve compte des centaines d\u2019esp\u00e8ces amphibiens, reptiles, oiseaux et mammif\u00e8res, mais nous nous contenterons de gros oiseaux bleu, genre vautours, en plus beaux.<\/p>\n<p>Le quetzal, oiseau embl\u00e9matique du Costa Rica est pr\u00e9sent dans cette r\u00e9serve, mais tr\u00e8s discret, et pour le voir, il faut avoir un \u0153il averti.<\/p>\n<p>Nous avons eu la chance de croiser un guide qui venait de voir cet oiseau haut perch\u00e9 dans la canop\u00e9e. Il nous a permis d\u2019utiliser sa longue vue pour admirer quelques instants son plumage magnifique.<\/p>\n<p>C\u2019est en sortant du parc que nous avons vu le plus de b\u00e9b\u00eates. Coati, singes capucins, et petits oiseaux.<\/p>\n<p>Le Costa Rica, 1\/11<sup>\u00e8me<\/sup> de la France, pays b\u00e9ni des dieux renferme 6% de la biodiversit\u00e9 plan\u00e9taire, 25% de son territoire en parcs nationaux.<\/p>\n<p>Pas moins de 116 volcans dont 7 en activit\u00e9s<\/p>\n<p>23 parcs nationaux<\/p>\n<p>Une faune incroyable\u00a0: 200 esp\u00e8ces de mammif\u00e8res, 850 esp\u00e8ces d\u2019oiseaux dont 50 esp\u00e8ces de colibris.<\/p>\n<p>La flore est exceptionnelle aussi 1200 esp\u00e8ces de v\u00e9g\u00e9taux<\/p>\n<p>Des plages tout le long de la c\u00f4te pacifique et la c\u00f4te carib\u00e9enne. Et dans la m\u00eame journ\u00e9e on peut presque aller de la c\u00f4te pacifique \u00e0 la c\u00f4te atlantique.<\/p>\n<p>Ce pays est pacifiste, il n\u2019a pas d\u2019arm\u00e9e depuis 1948.<\/p>\n<p>Comme disent les Costariciens de leur pays dont ils sont fiers\u00a0:<\/p>\n<p style=\"text-align: center;\">Pura Vida (la vie pure)<\/p>\n<p><a title=\"Photos du Costa Rica\" href=\"https:\/\/www.lespinodesintipo.fr\/index.php\/nggallery\/costa-rica\/costa-rica-1?page_id=3520\">Photos<\/a><\/p>\n","protected":false},"excerpt":{"rendered":"<p>Quel changement\u00a0!!! Nous arrivons \u00e0 San Jose, capitale du Costa Rica, 2 millions d\u2019habitants avec l\u2019agglo. Tout y est propre et bien entretenu. Nous n\u2019y s\u00e9journerons pas maintenant car nous envisageons de le faire en fin de s\u00e9jour. D\u00e8s le lendemain de notre arriv\u00e9e, Nous avons rendez vous avec Pierre (rencontr\u00e9 via son blog) et [&hellip;]<\/p>\n","protected":false},"author":1,"featured_media":0,"comment_status":"open","ping_status":"open","sticky":false,"template":"","format":"standard","meta":{"ngg_post_thumbnail":0,"footnotes":""},"categories":[44],"tags":[],"class_list":["post-4265","post","type-post","status-publish","format-standard","hentry","category-guatemala-costa-rica"],"_links":{"self":[{"href":"https:\/\/www.lespinodesintipo.fr\/index.php?rest_route=\/wp\/v2\/posts\/4265"}],"collection":[{"href":"https:\/\/www.lespinodesintipo.fr\/index.php?rest_route=\/wp\/v2\/posts"}],"about":[{"href":"https:\/\/www.lespinodesintipo.fr\/index.php?rest_route=\/wp\/v2\/types\/post"}],"author":[{"embeddable":true,"href":"https:\/\/www.lespinodesintipo.fr\/index.php?rest_route=\/wp\/v2\/users\/1"}],"replies":[{"embeddable":true,"href":"https:\/\/www.lespinodesintipo.fr\/index.php?rest_route=%2Fwp%2Fv2%2Fcomments&post=4265"}],"version-history":[{"count":0,"href":"https:\/\/www.lespinodesintipo.fr\/index.php?rest_route=\/wp\/v2\/posts\/4265\/revisions"}],"wp:attachment":[{"href":"https:\/\/www.lespinodesintipo.fr\/index.php?rest_route=%2Fwp%2Fv2%2Fmedia&parent=4265"}],"wp:term":[{"taxonomy":"category","embeddable":true,"href":"https:\/\/www.lespinodesintipo.fr\/index.php?rest_route=%2Fwp%2Fv2%2Fcategories&post=4265"},{"taxonomy":"post_tag","embeddable":true,"href":"https:\/\/www.lespinodesintipo.fr\/index.php?rest_route=%2Fwp%2Fv2%2Ftags&post=4265"}],"curies":[{"name":"wp","href":"https:\/\/api.w.org\/{rel}","templated":true}]}}