{"id":4409,"date":"2015-02-15T14:22:35","date_gmt":"2015-02-15T13:22:35","guid":{"rendered":"http:\/\/www.lespinodesintipo.fr\/?p=4409"},"modified":"2015-02-16T14:24:51","modified_gmt":"2015-02-16T13:24:51","slug":"la-cote-pacifique","status":"publish","type":"post","link":"https:\/\/www.lespinodesintipo.fr\/?p=4409","title":{"rendered":"La c\u00f4te Pacifique"},"content":{"rendered":"<p><a href=\"https:\/\/goo.gl\/maps\/WspXg\">Notre itin\u00e9raire au Costa Rica<\/a><\/p>\n<p>Nous voici sur la c\u00f4te Pacifique, tout a chang\u00e9, le climat, les paysages, le style de balades, bref, nous sommes au soleil.<br \/>\nIl fait excessivement chaud, mais nous ne nous en plaignons pas.<\/p>\n<p>Nos journ\u00e9es sont tr\u00e8s charg\u00e9es, les plages d\u2019abord, et selon leur emplacement, le sable est blanc poudreux \u00e0 gris fonc\u00e9, baignades dans une eau tr\u00e8s chaude. Les vagues sur le pacifique sont fortes si bien que les surfeurs y sont tr\u00e8s nombreux, et nous prenons plaisir \u00e0 les voir glisser sur les vagues.<\/p>\n<p>La premi\u00e8re plage playa conchal, comme son nom l\u2019indique est la plage aux coquillages, faite de milliards de d\u00e9bris de coquillages, ce qui lui donne un aspect ros\u00e9.<\/p>\n<p>ngg_shortcode_0_placeholderSur la playa Tamarindo nous avons d\u00e9gust\u00e9 une super langouste cuite au barbecue, autant dire que nous nous sommes r\u00e9gal\u00e9s. Cette plage est tr\u00e8s courue des ticos (les costariciens se nomment eux-m\u00eames comme \u00e7a) qui viennent y passer leurs week ends.<\/p>\n<p>ngg_shortcode_1_placeholderSur l\u2019une des plages nous nous sommes pos\u00e9s un moment afin d\u2019admirer un v\u00e9ritable ballet de p\u00e9licans et autres oiseaux marins qui p\u00eachaient, et la p\u00eache \u00e9tait miraculeuse.<\/p>\n<p>Une fois de plus nous appr\u00e9cions d\u2019avoir le 4X4, car les pistes sont assez difficiles pour rejoindre ces plages paradisiaques, certaines sont absolument d\u00e9sertes sur 2 ou 3 kilom\u00e8tres. Toutes sont diff\u00e9rentes, soit par leur situation g\u00e9ographique soit par les diff\u00e9rentes activit\u00e9s que l\u2019on peut y pratiquer.<\/p>\n<p>Nos balades sont ponctu\u00e9es par la d\u00e9couverte d\u2019animaux, singes hurleurs, iguanes, chevreuils, coatis. La v\u00e9g\u00e9tation, bien que moins int\u00e9ressante que dans le centre ouest du pays, reste belle. <a class=\"ngg-fancybox\" title=\" \" href=\"https:\/\/www.lespinodesintipo.fr\/wp-content\/gallery\/cote-pacifique\/P1030672-Large.JPG\" rel=\"\" data-image-id=\"3030\" data-src=\"https:\/\/www.lespinodesintipo.fr\/wp-content\/gallery\/cote-pacifique\/P1030672-Large.JPG\" data-thumbnail=\"https:\/\/www.lespinodesintipo.fr\/wp-content\/gallery\/cote-pacifique\/thumbs\/thumbs_P1030672-Large.JPG\" data-title=\"P1030672 (Large)\" data-description=\" \"><img decoding=\"async\" class=\"ngg-singlepic ngg-none alignright\" src=\"https:\/\/www.lespinodesintipo.fr\/wp-content\/gallery\/cote-pacifique\/thumbs\/thumbs_P1030672-Large.JPG\" alt=\"P1030672 (Large)\" \/><\/a>Le passage des gu\u00e9s est toujours un moment rigolo, il faut \u00ab\u00a0analyser\u00a0\u00bb judicieusement l\u2019endroit o\u00f9 passer, sans que le moteur souffre d\u2019une immersion.<\/p>\n<p>Nous quittons maintenant la presqu\u2019\u00eele de Nicoya pour nous rendre sur la c\u00f4te pacifique centrale. Nous prenons le ferry \u00e0 Paquera et traversons le golfe de Nicoya. Nous arrivons \u00e0 Puntarenas, mais n\u2019y ferons pas escale. Notre objectif \u00e9tant d\u2019aller \u00e0 Manuel Antonio.<\/p>\n<h3>Le parc Manuel Antonio<\/h3>\n<p>Nous continuons \u00e0 descendre la c\u00f4te pacifique toujours aussi belle, le seul b\u00e9mol, est que la route qui y conduit est bord\u00e9e par des centaines voire des milliers hectares de plantations de palmiers \u00e0 huile.<\/p>\n<p>Nous arrivons \u00e0 Manuel Antonio, nous avions r\u00e9serv\u00e9 un h\u00f4tel, car on savait que le lieu est l\u2019un des plus visit\u00e9 du Costa Rica, on savait aussi qu\u2019il ne fallait pas y venir un week end car les ticos y d\u00e9barquent.<\/p>\n<p>Du coup, nous sommes log\u00e9s \u00e0 30 m\u00e8tres de la plage et 500 m\u00e8tres de l\u2019entr\u00e9e du parc, et avec vue sur l\u2019oc\u00e9an, quoi de mieux\u00a0?<\/p>\n<p>Manuel Antonio, c\u2019est palmiers sous le vent, eaux bleues scintillantes, et oiseaux tropicaux. Il a \u00e9t\u00e9 class\u00e9 parc national en 1972, ce qui lui a valu d\u2019\u00e9chapper \u00e0 la construction d\u2019une cit\u00e9 baln\u00e9aire. Il est le plus petit parc du pays, mais pas le moins fr\u00e9quent\u00e9.<\/p>\n<p>Les sentiers sont parfaitement balis\u00e9s, des promontoires permettent d\u2019admirer l\u2019oc\u00e9an ou la for\u00eat.<\/p>\n<p>ngg_shortcode_2_placeholderLa faune y est importante, nous avons pu y voir des paresseux, agoutis, ratons laveurs, capucins, toucans et autres oiseaux, biches, iguanes, serpents, et pas vus tous ceux qui nous ont \u00e9vit\u00e9 et cach\u00e9 dans la jungle.<\/p>\n<p>Le parc est bord\u00e9 par 3 plages, nous avons pique niqu\u00e9 sur l\u2019une d\u2019elles, accompagn\u00e9s des iguanes voraces, l\u2019une d\u2019elle s\u2019est jet\u00e9e sur l\u2019ananas qu\u2019un touriste mangeait. Autant dire qu\u2019il lui a vite donn\u00e9 le fruit.<\/p>\n<p><a title=\"Photos du Costa Rica\" href=\"https:\/\/www.lespinodesintipo.fr\/index.php\/nggallery\/costa-rica\/cote-pacifique?page_id=3520\">Photos<\/a><\/p>\n","protected":false},"excerpt":{"rendered":"<p>Notre itin\u00e9raire au Costa Rica Nous voici sur la c\u00f4te Pacifique, tout a chang\u00e9, le climat, les paysages, le style de balades, bref, nous sommes au soleil. Il fait excessivement chaud, mais nous ne nous en plaignons pas. Nos journ\u00e9es sont tr\u00e8s charg\u00e9es, les plages d\u2019abord, et selon leur emplacement, le sable est blanc poudreux [&hellip;]<\/p>\n","protected":false},"author":1,"featured_media":0,"comment_status":"open","ping_status":"open","sticky":false,"template":"","format":"standard","meta":{"ngg_post_thumbnail":0,"footnotes":""},"categories":[44],"tags":[],"class_list":["post-4409","post","type-post","status-publish","format-standard","hentry","category-guatemala-costa-rica"],"_links":{"self":[{"href":"https:\/\/www.lespinodesintipo.fr\/index.php?rest_route=\/wp\/v2\/posts\/4409"}],"collection":[{"href":"https:\/\/www.lespinodesintipo.fr\/index.php?rest_route=\/wp\/v2\/posts"}],"about":[{"href":"https:\/\/www.lespinodesintipo.fr\/index.php?rest_route=\/wp\/v2\/types\/post"}],"author":[{"embeddable":true,"href":"https:\/\/www.lespinodesintipo.fr\/index.php?rest_route=\/wp\/v2\/users\/1"}],"replies":[{"embeddable":true,"href":"https:\/\/www.lespinodesintipo.fr\/index.php?rest_route=%2Fwp%2Fv2%2Fcomments&post=4409"}],"version-history":[{"count":0,"href":"https:\/\/www.lespinodesintipo.fr\/index.php?rest_route=\/wp\/v2\/posts\/4409\/revisions"}],"wp:attachment":[{"href":"https:\/\/www.lespinodesintipo.fr\/index.php?rest_route=%2Fwp%2Fv2%2Fmedia&parent=4409"}],"wp:term":[{"taxonomy":"category","embeddable":true,"href":"https:\/\/www.lespinodesintipo.fr\/index.php?rest_route=%2Fwp%2Fv2%2Fcategories&post=4409"},{"taxonomy":"post_tag","embeddable":true,"href":"https:\/\/www.lespinodesintipo.fr\/index.php?rest_route=%2Fwp%2Fv2%2Ftags&post=4409"}],"curies":[{"name":"wp","href":"https:\/\/api.w.org\/{rel}","templated":true}]}}