{"id":4886,"date":"2015-03-02T21:42:30","date_gmt":"2015-03-02T20:42:30","guid":{"rendered":"http:\/\/www.lespinodesintipo.fr\/?p=4886"},"modified":"2015-03-03T04:44:46","modified_gmt":"2015-03-03T03:44:46","slug":"cest-fini","status":"publish","type":"post","link":"https:\/\/www.lespinodesintipo.fr\/?p=4886","title":{"rendered":"C\u2019est fini\u2026\u2026.."},"content":{"rendered":"<p>Avant de rentrer en France nous ne voulions pas quitter le Costa Rica sans visiter sa capitale San Jos\u00e9. Nous y s\u00e9journerons deux jours, dans un tr\u00e8s beau Bed and Breakfast en plein centre ville (www.casa69.cr)ngg_shortcode_0_placeholder<\/p>\n<p>Cette ville de deux millions d\u2019habitants n\u2019a rien de sensationnel, si ce n\u2019est qu\u2019elle est entour\u00e9e de collines, et que de n\u2019importe o\u00f9, on voit les volcans soit bien d\u00e9gag\u00e9s soit dans les nuages. San Jos\u00e9 se visite facilement \u00e0 pieds car tout ce qui est int\u00e9ressant \u00e0 voir se situe \u00e0 peu pr\u00e8s au centre.<\/p>\n<p>ngg_shortcode_1_placeholderNous avons visit\u00e9 le tr\u00e8s beau mus\u00e9e de l\u2019or, int\u00e9ressant pour ses nombreux tr\u00e9sors pr\u00e9colombiens en or. Les objets expos\u00e9s sont parmi les plus inestimables du Costa Rica.<\/p>\n<p>Rat\u00e9 pour le mus\u00e9e national, ferm\u00e9 le lundi.<\/p>\n<p>ngg_shortcode_2_placeholderLe mus\u00e9e de jade est tout neuf (il a \u00e9t\u00e9 transf\u00e9r\u00e9 r\u00e9cemment) et tr\u00e8s p\u00e9dagogique, nous sommes un peu d\u00e9\u00e7us de ne pas avoir vu plus de pi\u00e8ces en jade, mais bon, c\u2019\u00e9tait bien quand m\u00eame.<\/p>\n<p>Le march\u00e9 central aux fruits et l\u00e9gumes puis nous avons fl\u00e2n\u00e9 dans les rues pi\u00e9tonnes, sans but particulier, juste pour sentir encore un peu ce pays qui nous pla\u00eet.<\/p>\n<p>Nous pensons qu\u2019il n\u2019est pas n\u00e9cessaire, de vous dire que ce voyage en Am\u00e9rique centrale fut pour nous une r\u00e9ussite. Nos diff\u00e9rents bulletins en attestent. Nous ne connaissions pas cette r\u00e9gion du globe, ou si peu, que nous sommes tr\u00e8s heureux d\u2019avoir d\u00e9couvert une culture maya bien conserv\u00e9e chez les guat\u00e9malt\u00e8ques et des paysages somptueux. Le Costa Rica nous aura \u00e9merveill\u00e9s par sa g\u00e9n\u00e9reuse nature.<\/p>\n<p>Nous avons voyag\u00e9 avec les locaux au Guatemala dans les fameux chicken bus.<\/p>\n<p>Au Costa Rica, nous nous serons offert le luxe de la location d\u2019une voiture pendant trois semaines, mais nous aurons eu l\u2019occasion d\u2019appr\u00e9cier les bus confortables la quatri\u00e8me semaine.<\/p>\n<p>Si la gastronomie guat\u00e9malt\u00e8que n\u2019est pas la meilleure du monde, nous aurons pu appr\u00e9cier le guacamole que nous avons d\u00e9gust\u00e9 avec des tortillas, sans aucune mod\u00e9ration\u2026\u2026.<\/p>\n<p>Au Costa Rica, les casados auront \u00e9t\u00e9 notre plat pr\u00e9f\u00e9r\u00e9, et les ananas notre fruit pr\u00e9f\u00e9r\u00e9.<\/p>\n<p>La bi\u00e8re tant Guat\u00e9malt\u00e8que que Tico, a \u00e9t\u00e9 de tous les repas, nous nous r\u00e9servons le vin pour le retour en France. Il aurait \u00e9t\u00e9 pourtant possible de boire des vins Chiliens ou Argentins.<\/p>\n<p>Le niveau de vie au Costa Rica est bien plus \u00e9lev\u00e9 qu\u2019au Guatemala, du coup la vie y est ch\u00e8re, presque \u00e9gale \u00e0 celle de la France.<\/p>\n<p>Nous aurons fait des rencontres formidables, partag\u00e9s des moments inoubliables avec la population ou des voyageurs ind\u00e9pendants.<\/p>\n<p>Nous aurons beaucoup march\u00e9, les randonn\u00e9es dans les parcs nationaux du Costa Rica aurons \u00e9t\u00e9 sportifs parfois, la grimpette au volcan Pacaya , une belle exp\u00e9rience.<\/p>\n<p>Les fonds sous marins du Belize nous ont s\u00e9duits, Les sites mayas du Guatemala nous ont \u00e9mus, les couleurs des v\u00eatements traditionnels nous ont \u00e9blouis, les plages et les volcans du Costa Rica nous ont enchant\u00e9, La faune et la flore impressionn\u00e9s.<\/p>\n<p>Et dans les deux pays, un accueil tr\u00e8s chaleureux nous a toujours \u00e9t\u00e9 r\u00e9serv\u00e9.ngg_shortcode_3_placeholder<\/p>\n<p>&nbsp;<\/p>\n<h2 style=\"text-align: center;\">Pura vida<\/h2>\nngg_shortcode_4_placeholder\n<p><a title=\"Photos du Costa Rica\" href=\"https:\/\/www.lespinodesintipo.fr\/index.php\/nggallery\/costa-rica\/san-jose?page_id=3520\">Photos<\/a><\/p>\n","protected":false},"excerpt":{"rendered":"<p>Avant de rentrer en France nous ne voulions pas quitter le Costa Rica sans visiter sa capitale San Jos\u00e9. Nous y s\u00e9journerons deux jours, dans un tr\u00e8s beau Bed and Breakfast en plein centre ville (www.casa69.cr) Cette ville de deux millions d\u2019habitants n\u2019a rien de sensationnel, si ce n\u2019est qu\u2019elle est entour\u00e9e de collines, et [&hellip;]<\/p>\n","protected":false},"author":1,"featured_media":0,"comment_status":"open","ping_status":"open","sticky":false,"template":"","format":"standard","meta":{"ngg_post_thumbnail":0,"footnotes":""},"categories":[44],"tags":[],"class_list":["post-4886","post","type-post","status-publish","format-standard","hentry","category-guatemala-costa-rica"],"_links":{"self":[{"href":"https:\/\/www.lespinodesintipo.fr\/index.php?rest_route=\/wp\/v2\/posts\/4886"}],"collection":[{"href":"https:\/\/www.lespinodesintipo.fr\/index.php?rest_route=\/wp\/v2\/posts"}],"about":[{"href":"https:\/\/www.lespinodesintipo.fr\/index.php?rest_route=\/wp\/v2\/types\/post"}],"author":[{"embeddable":true,"href":"https:\/\/www.lespinodesintipo.fr\/index.php?rest_route=\/wp\/v2\/users\/1"}],"replies":[{"embeddable":true,"href":"https:\/\/www.lespinodesintipo.fr\/index.php?rest_route=%2Fwp%2Fv2%2Fcomments&post=4886"}],"version-history":[{"count":0,"href":"https:\/\/www.lespinodesintipo.fr\/index.php?rest_route=\/wp\/v2\/posts\/4886\/revisions"}],"wp:attachment":[{"href":"https:\/\/www.lespinodesintipo.fr\/index.php?rest_route=%2Fwp%2Fv2%2Fmedia&parent=4886"}],"wp:term":[{"taxonomy":"category","embeddable":true,"href":"https:\/\/www.lespinodesintipo.fr\/index.php?rest_route=%2Fwp%2Fv2%2Fcategories&post=4886"},{"taxonomy":"post_tag","embeddable":true,"href":"https:\/\/www.lespinodesintipo.fr\/index.php?rest_route=%2Fwp%2Fv2%2Ftags&post=4886"}],"curies":[{"name":"wp","href":"https:\/\/api.w.org\/{rel}","templated":true}]}}