{"id":5909,"date":"2016-02-09T22:10:07","date_gmt":"2016-02-09T21:10:07","guid":{"rendered":"http:\/\/www.lespinodesintipo.fr\/?p=5909"},"modified":"2016-02-10T06:04:33","modified_gmt":"2016-02-10T05:04:33","slug":"veracruz","status":"publish","type":"post","link":"https:\/\/www.lespinodesintipo.fr\/?p=5909","title":{"rendered":"Veracruz"},"content":{"rendered":"<p>Nous avons encore voyag\u00e9 avec la compagnie ADO, mais cette fois en classe ex\u00e9cutive, le chic\u00a0!!!<\/p>\n<p>Le paysage est tr\u00e8s beau, succession de plaines o\u00f9 enfin nous avons vu de belles vaches brouter dans des pr\u00e8s bien verts. Puis plus loin des monts volcaniques dont l\u2019Iztacccihuatl 5220 m\u00e8tres, une partie de son sommet \u00e9tait enneig\u00e9.<\/p>\n<p>Il nous a fallu 4 heures pour arriver \u00e0 Veracruz, sans aucune fatigue.<\/p>\n<p>Nous sommes log\u00e9s chez Alicia et Juan, un couple dans nos \u00e2ges qui habitent une maison d\u2019architecte incroyable. Notre chambre et salle de bains doivent mesurer au moins 40 m\u00e8tres carr\u00e9s. Ce sont des gens tr\u00e8s agr\u00e9ables qui nous ont bien conseill\u00e9 pendant notre s\u00e9jour.<\/p>\n<p>Nous sommes venus \u00e0 Veracruz exclusivement pour le carnaval et autant vous dire que nous ne sommes pas d\u00e9\u00e7us. Il para\u00eet que c\u2019est le 3<sup>\u00e8me<\/sup> plus grand carnaval au monde\u00a0!!! On ne sait pas si c\u2019est vrai, mais le spectacle est d\u00e9mesur\u00e9.<\/p>\n<p>Nous sommes donc arriv\u00e9s chez Juan et Alicia vers 16 heures, nous leur avons dit que nous souhaitions aller au d\u00e9fil\u00e9 du soir. Juan nous a emmen\u00e9s dans sa voiture l\u00e0 o\u00f9 il fallait, on a achet\u00e9 nos billets d\u2019entr\u00e9e, et on nous a conduit sur les gradins.ngg_shortcode_0_placeholder Le d\u00e9fil\u00e9 commen\u00e7ait \u00e0 19 heures jusqu\u2019\u00e0 1 heure du matin, DINGUE\u00a0!!! Nous sommes partis vers 22 heures.<\/p>\n<p>Nous n\u2019avons pas compt\u00e9 le nombre de groupes mais, il y avait du monde, dans le d\u00e9fil\u00e9, et sur les gradins\u2026\u2026\u2026sur 5 kilom\u00e8tres oui oui\u00a0!! Des plumes des strass, de la musique \u00e0 tue t\u00eate, de la bi\u00e8re, des gens qui rient qui dansent, bref la GRANDE F\u00caTE.<\/p>\n<p>Ce matin, au petit d\u00e9jeuner, nous avons demand\u00e9 des infos \u00e0 Juan. Le d\u00e9fil\u00e9 fait effectivement 5 kilom\u00e8tres et les danseurs le font 2 \u00e0 3 fois dans la journ\u00e9e, sous un soleil de plomb.<\/p>\n<p>ngg_shortcode_1_placeholderNous sommes donc retourn\u00e9s ce matin au d\u00e9fil\u00e9 de jour. Nous y \u00e9tions \u00e0 midi. Le d\u00e9fil\u00e9 a commenc\u00e9 \u00e0 12H 30 pour finir \u00e0 15 heures. ngg_shortcode_2_placeholderAlain a compt\u00e9 les groupes\u00a0; 75, si, si. Et comme il y a environ 40 personnes par groupe, \u00e7a fait 3000 danseurs. OUPS, on s\u2019est bien r\u00e9gal\u00e9. Vraiment c\u2019est bon enfant, mais il faut dire, qu\u2019il n\u2019y a pas beaucoup de place pour le d\u00e9sordre, car il y a un flic tous les 20 m\u00e8tres. Nous avons \u00e9valu\u00e9 \u00e0 500 flics de la police navale, sans compter tous les autres.<\/p>\n<p>Ah oui, Veracruz est un \u00e9norme port en eux profonde, situ\u00e9 dans le golf du Mexique, donc beaucoup de policiers. En d\u00e9but de d\u00e9fil\u00e9 les policiers en moto, moto \u00e0 3 roues ou en quad, paradent et les gens montent sur leurs engins pour \u00eatre photographi\u00e9s avec eux !!! ngg_shortcode_3_placeholderOn essaiera en France lors d\u2019une manifestation festive, on verra la r\u00e9action des policiers Fran\u00e7ais\u00a0!!!<\/p>\n<p>Pendant le d\u00e9fil\u00e9, tout comme hier soir, les gens du public aiment danser avec les artistes, se faire photographier avec eux, les flics restent impassibles \u00e0 la situation.ngg_shortcode_4_placeholder De temps en temps, ils remettent un peu d\u2019ordre quand le public avance trop sur le parcours des danseurs.<\/p>\n<p>Nous sommes vraiment heureux d\u2019avoir pu participer \u00e0 cet \u00e9v\u00e9nement.<\/p>\n<p>ngg_shortcode_5_placeholderSinon la ville de Veracruz n\u2019a rien de sensationnel, le Zocalo est sympa, quelques beaux b\u00e2timents rappellent le pass\u00e9 colonial, mais \u00e0 part \u00e7a, tout est moche.<\/p>\n<p>Notre troisi\u00e8me jour \u00e0 Veracruz, a \u00e9t\u00e9 consacr\u00e9, le matin \u00e0 la visite du cimeti\u00e8re qui \u00e9tait sur notre route et comme Fran\u00e7oise aime bien ces lieux, on a fait un stop. Les tombes sont plus des chapelles que des pierres tombales, mais le cimeti\u00e8re est franchement sale. Puis direction\u2026\u2026\u2026\u2026. le carnaval. Oui \u00e7a d\u00e9butait aujourd\u2019hui \u00e0 Midi. Nous sommes all\u00e9s au d\u00e9part du d\u00e9fil\u00e9, et avons vu environ les 30 derniers groupes partir. Nous sommes all\u00e9 d\u00e9jeuner ensuite dans un restaurant et apr\u00e8s nous avons parcouru les 5 kilom\u00e8tres que les \u00ab\u00a0carnavaliers\u00a0\u00bb (est ce mot que nous inventons\u00a0???) font en dansant. Nous sommes arriv\u00e9s avant les derniers chars\u00a0!! INOUI<\/p>\n<p>En r\u00e9sum\u00e9 le premier soir nous \u00e9tions sur les gradins au centre du parcours, le deuxi\u00e8me jour sur les gradins \u00e0 la fin du parcours, et le troisi\u00e8me jour sur le trottoir au d\u00e9but du d\u00e9fil\u00e9. Eh bien pendant ces trois jours, les danseurs ont toujours \u00e9t\u00e9 aussi performants, que ce soit au d\u00e9but \u00e0 la fin ou au milieu du parcours.<\/p>\n<p>L\u2019apr\u00e8s midi nous sommes pass\u00e9s sur le zocalo, o\u00f9 il y avait la remise des dipl\u00f4mes aux diff\u00e9rents groupes et \u00e9cole de samba, et salsa.ngg_shortcode_6_placeholder Puis un p\u2019tit peu de shopping.<\/p>\n<p>Veracruz restera un bon souvenir pour nous. Fran\u00e7oise a pas mal dans\u00e9 sur ces airs tr\u00e8s entra\u00eenants. Vraiment ce fut des moments tr\u00e8s chouettes.<\/p>\n<p><a title=\"Photos du Mexique\" href=\"https:\/\/www.lespinodesintipo.fr\/index.php\/nggallery\/mexique-2016\/veracruz?page_id=5150\">Photos<\/a><\/p>\n","protected":false},"excerpt":{"rendered":"<p>Nous avons encore voyag\u00e9 avec la compagnie ADO, mais cette fois en classe ex\u00e9cutive, le chic\u00a0!!! Le paysage est tr\u00e8s beau, succession de plaines o\u00f9 enfin nous avons vu de belles vaches brouter dans des pr\u00e8s bien verts. Puis plus loin des monts volcaniques dont l\u2019Iztacccihuatl 5220 m\u00e8tres, une partie de son sommet \u00e9tait enneig\u00e9. [&hellip;]<\/p>\n","protected":false},"author":1,"featured_media":0,"comment_status":"open","ping_status":"open","sticky":false,"template":"","format":"standard","meta":{"ngg_post_thumbnail":0,"footnotes":""},"categories":[45],"tags":[],"class_list":["post-5909","post","type-post","status-publish","format-standard","hentry","category-mexique"],"_links":{"self":[{"href":"https:\/\/www.lespinodesintipo.fr\/index.php?rest_route=\/wp\/v2\/posts\/5909"}],"collection":[{"href":"https:\/\/www.lespinodesintipo.fr\/index.php?rest_route=\/wp\/v2\/posts"}],"about":[{"href":"https:\/\/www.lespinodesintipo.fr\/index.php?rest_route=\/wp\/v2\/types\/post"}],"author":[{"embeddable":true,"href":"https:\/\/www.lespinodesintipo.fr\/index.php?rest_route=\/wp\/v2\/users\/1"}],"replies":[{"embeddable":true,"href":"https:\/\/www.lespinodesintipo.fr\/index.php?rest_route=%2Fwp%2Fv2%2Fcomments&post=5909"}],"version-history":[{"count":0,"href":"https:\/\/www.lespinodesintipo.fr\/index.php?rest_route=\/wp\/v2\/posts\/5909\/revisions"}],"wp:attachment":[{"href":"https:\/\/www.lespinodesintipo.fr\/index.php?rest_route=%2Fwp%2Fv2%2Fmedia&parent=5909"}],"wp:term":[{"taxonomy":"category","embeddable":true,"href":"https:\/\/www.lespinodesintipo.fr\/index.php?rest_route=%2Fwp%2Fv2%2Fcategories&post=5909"},{"taxonomy":"post_tag","embeddable":true,"href":"https:\/\/www.lespinodesintipo.fr\/index.php?rest_route=%2Fwp%2Fv2%2Ftags&post=5909"}],"curies":[{"name":"wp","href":"https:\/\/api.w.org\/{rel}","templated":true}]}}