{"id":8212,"date":"2017-12-24T08:54:18","date_gmt":"2017-12-24T07:54:18","guid":{"rendered":"http:\/\/www.lespinodesintipo.fr\/?p=8212"},"modified":"2017-12-24T08:54:18","modified_gmt":"2017-12-24T07:54:18","slug":"j-15-2","status":"publish","type":"post","link":"https:\/\/www.lespinodesintipo.fr\/?p=8212","title":{"rendered":"J &#8211; 15"},"content":{"rendered":"<p>Bonjour \u00e0 tous<\/p>\n<p>2017 se termine et nous sommes en grands pr\u00e9paratifs de notre voyage de d\u00e9but d\u2019ann\u00e9e prochaine. Nous partons &nbsp;d\u00e9couvrir&nbsp; l\u2019un des plus petits pays &nbsp;d\u2019Am\u00e9rique du sud&nbsp;: L\u2019\u00e9quateur et son archipel mythique des Gal\u00e1pagos.<\/p>\n<p>Initialement nous envisagions de visiter l\u2019\u00c9quateur et une partie du P\u00e9rou, mais apr\u00e8s \u00e9tude de la carte et des sites \u00e0 visiter, nous avons d\u00e9cid\u00e9 de rester en \u00c9quateur. Nous partons le 9 janvier avec la compagnie a\u00e9rienne Lufthansa, via Francfort, puis escale \u00e0 Panama City avant d\u2019arriver \u00e0 Quito, quelques 18 heures plus tard.<\/p>\n<p>Nous irons 15 jours aux Gal\u00e1pagos , perdus&nbsp; \u00e0 1200 kilom\u00e8tres \u00e0 l&rsquo;ouest dans l\u2019oc\u00e9an Pacifique et nous serons un peu plus d\u2019un mois et demi&nbsp; sur le continent.<br \/>\n<iframe loading=\"lazy\" style=\"border: 0;\" src=\"https:\/\/www.google.com\/maps\/embed?pb=!1m64!1m12!1m3!1d2041571.2729390927!2d-80.64551301706435!3d-1.9767971331126235!2m3!1f0!2f0!3f0!3m2!1i1024!2i768!4f13.1!4m49!3e0!4m5!1s0x91d59a4002427c9f%3A0x44b991e158ef5572!2sQuito!3m2!1d-0.18065319999999999!2d-78.4678382!4m5!1s0x8e2a14969c8ae5ad%3A0x7594fb6eb6c2239e!2sOtavalo!3m2!1d0.2343005!2d-78.2610672!4m5!1s0x8e28224dff51f359%3A0x257be276ec83f69f!2sNueva+Loja!3m2!1d0.0851034!2d-76.8940156!4m5!1s0x91d461069d795bd1%3A0xc0a05fcabeea8fbb!2sLatacunga!3m2!1d-0.9315559999999999!2d-78.60584999999999!4m5!1s0x91d31633414f2155%3A0x7ff4699820ed74ad!2sGuaranda!3m2!1d-1.5904721!2d-78.99951539999999!4m5!1s0x91cb480661b91d2d%3A0x8e12137cdc1eee09!2sLoja!3m2!1d-4.0078909!2d-79.2112769!4m5!1s0x902d13cbe855805f%3A0x8015a492f4fca473!2sGuayaquil!3m2!1d-2.1709978999999997!2d-79.9223592!4m5!1s0x902be6a9e440988b%3A0x9403b825a96f98ba!2sManta!3m2!1d-0.9676532999999999!2d-80.7089101!5e0!3m2!1sfr!2sfr!4v1514068167145\" width=\"600\" height=\"450\" frameborder=\"0\" allowfullscreen=\"allowfullscreen\"><\/iframe><br \/>\nNous arriverons donc \u00e0 &nbsp;Quito la capitale&nbsp;; perch\u00e9e \u00e0 2800 m\u00e8tres et du coup, nous y resterons les 3 premiers jours, afin de s\u2019acclimater \u00e0 l\u2019altitude.<\/p>\n<p>&nbsp;Puis nous &nbsp;partirons dans la r\u00e9gion d\u2019Otavalo au Nord. Ensuite 4 jours &nbsp;en Amazonie, nous avons d\u00e9j\u00e0 r\u00e9serv\u00e9 le tour, car il est impossible d\u2019aller seul dans cette r\u00e9gion.<\/p>\n<p>De retour \u00e0 Quito, Nous&nbsp; prendrons &nbsp;l\u2019avenue des volcans, c\u2019est ainsi que l\u2019explorateur allemand Von Humboldt baptisa dans les ann\u00e9es 1800 la route tortueuse qui longe la cordill\u00e8re des Andes \u00e9quatoriennes. C\u2019est dans cette r\u00e9gion que se dressent &nbsp;les plus hauts volcans des Andes.<\/p>\n<p>Doucement nous descendrons \u00e0 Cuenca, puis, nous continuerons jusqu\u2019au sud du Pays, o\u00f9 nous nous attarderons \u00e0 Loja et dans&nbsp; le parc national Podocarpus. Ensuite &nbsp;nous irons soit &nbsp;aux Galapagos, o\u00f9 l\u2019oc\u00e9an&nbsp; se sera r\u00e9chauff\u00e9,&nbsp; soit nous nous&nbsp; dirigerons&nbsp; sur la c\u00f4te Pacifique, histoire de profiter du soleil et des plages. Rien n\u2019est encore arr\u00eat\u00e9 \u00e0 ce jour.<\/p>\n<p>Entre temps, en f\u00e9vrier, il y aura le carnaval, nous irons voir celui de Guaranda, l\u2019un des plus beaux de l\u2019\u00c9quateur.<\/p>\n<p>Du coup, il faudra tr\u00e8s &nbsp;certainement revoir nos projets.<\/p>\n<p>Enfin ce qui est certain c\u2019est que nous aurons largement le temps de profiter de ce petit pays, grand comme la moiti\u00e9 de la France.<\/p>\n<p>Pour nos d\u00e9placements nous utiliserons le plus souvent &nbsp;les transports en commun, et cette ann\u00e9e&nbsp; ce sera&nbsp; facile, car les routes sont en g\u00e9n\u00e9ral,&nbsp; bonnes en \u00c9quateur,&nbsp; et les bus en bon \u00e9tat.<\/p>\n<p>En attendant un prochain post, nous vous souhaitons d\u2019excellentes f\u00eates de fin d\u2019ann\u00e9e.<\/p>\n<p>Hasta pronto<\/p>\n","protected":false},"excerpt":{"rendered":"<p>Bonjour \u00e0 tous 2017 se termine et nous sommes en grands pr\u00e9paratifs de notre voyage de d\u00e9but d\u2019ann\u00e9e prochaine. Nous partons &nbsp;d\u00e9couvrir&nbsp; l\u2019un des plus petits pays &nbsp;d\u2019Am\u00e9rique du sud&nbsp;: L\u2019\u00e9quateur et son archipel mythique des Gal\u00e1pagos. Initialement nous envisagions de visiter l\u2019\u00c9quateur et une partie du P\u00e9rou, mais apr\u00e8s \u00e9tude de la carte et [&hellip;]<\/p>\n","protected":false},"author":1,"featured_media":0,"comment_status":"open","ping_status":"open","sticky":false,"template":"","format":"standard","meta":{"ngg_post_thumbnail":0,"footnotes":""},"categories":[47],"tags":[],"class_list":["post-8212","post","type-post","status-publish","format-standard","hentry","category-equateur"],"_links":{"self":[{"href":"https:\/\/www.lespinodesintipo.fr\/index.php?rest_route=\/wp\/v2\/posts\/8212"}],"collection":[{"href":"https:\/\/www.lespinodesintipo.fr\/index.php?rest_route=\/wp\/v2\/posts"}],"about":[{"href":"https:\/\/www.lespinodesintipo.fr\/index.php?rest_route=\/wp\/v2\/types\/post"}],"author":[{"embeddable":true,"href":"https:\/\/www.lespinodesintipo.fr\/index.php?rest_route=\/wp\/v2\/users\/1"}],"replies":[{"embeddable":true,"href":"https:\/\/www.lespinodesintipo.fr\/index.php?rest_route=%2Fwp%2Fv2%2Fcomments&post=8212"}],"version-history":[{"count":0,"href":"https:\/\/www.lespinodesintipo.fr\/index.php?rest_route=\/wp\/v2\/posts\/8212\/revisions"}],"wp:attachment":[{"href":"https:\/\/www.lespinodesintipo.fr\/index.php?rest_route=%2Fwp%2Fv2%2Fmedia&parent=8212"}],"wp:term":[{"taxonomy":"category","embeddable":true,"href":"https:\/\/www.lespinodesintipo.fr\/index.php?rest_route=%2Fwp%2Fv2%2Fcategories&post=8212"},{"taxonomy":"post_tag","embeddable":true,"href":"https:\/\/www.lespinodesintipo.fr\/index.php?rest_route=%2Fwp%2Fv2%2Ftags&post=8212"}],"curies":[{"name":"wp","href":"https:\/\/api.w.org\/{rel}","templated":true}]}}