{"id":8991,"date":"2018-02-03T21:30:06","date_gmt":"2018-02-03T20:30:06","guid":{"rendered":"http:\/\/www.lespinodesintipo.fr\/?p=8991"},"modified":"2018-02-04T03:34:14","modified_gmt":"2018-02-04T02:34:14","slug":"cuenca","status":"publish","type":"post","link":"https:\/\/www.lespinodesintipo.fr\/?p=8991","title":{"rendered":"Cuenca"},"content":{"rendered":"<p>La route qui va de Guamote \u00e0 Cuenca est tr\u00e8s tortueuse, les paysages sont sublimes, on est parfois dans le fond de canyons et parfois dans les for\u00eats de nuages \u00e0 plus&nbsp; 3500 m\u00e8tres d\u2019altitude, c\u2019est tr\u00e8s tr\u00e8s beau. C\u2019est la sierra du sud.<\/p>\n<p>Nous arrivons \u00e0 Cuenca 2506 m\u00e8tres d\u2019altitude. Tr\u00e8s belle ville coloniale, certainement&nbsp; la plus belle avec Quito.<\/p>\n<p>Il fait bon, nous avons d\u00e9laiss\u00e9 le pantalon et le polaire pour le short et le tee shirt.<\/p>\n<p>Notre h\u00f4tel est dans le quartier ancien, ce qui est agr\u00e9able.<\/p>\n<p>Cuenca regorge de belles maisons coloniales, &nbsp;mus\u00e9es, th\u00e9\u00e2tres, \u00e9glises, c\u2019est la ville culturelle &nbsp;Equatorienne par excellence. Nous nous y sentons bien.ngg_shortcode_0_placeholder<\/p>\n<p>Cuenca c\u2019est \u00e9galement la ville du panama, ce chapeau de paille &nbsp;qui est d\u2019ailleurs &nbsp;inscrit au patrimoine &nbsp;culturel immat\u00e9riel mondial &nbsp;de l\u2019UNESCO.<\/p>\n<p>En fait ce chapeau a \u00e9t\u00e9 cr\u00e9e \u00e0 la fin du 19<sup>\u00e8me<\/sup> si\u00e8cle, par les \u00e9quatoriens, pour les ouvriers qui construisent le canal de Panama afin de se prot\u00e9ger du soleil, d\u2019o\u00f9 le nom de ce chapeau&nbsp; de paille. Il est en fibres &nbsp;de paja de toquilla. Le terme de panama ne s\u2019applique&nbsp; pas \u00e0 une forme mais \u00e0 une mati\u00e8re. Plus les fibres employ\u00e9es pour la fabrication sont fines, plus le panama co\u00fbte cher. Certains mod\u00e8les peuvent demander 8 mois de travail, les fibres utilis\u00e9es sont alors &nbsp;extra fines. Evidemment les prix peuvent atteindre des sommes astronomiques.<\/p>\n<p>En 1906 &nbsp;Th\u00e9odore Roosevelt porte ce chapeau &nbsp;lors de sa visite aux &nbsp;chantiers du canal, ce &nbsp;qui le&nbsp; popularisera. Les Fran\u00e7ais l\u2019adoptent rapidement et il parait que le mot Panam, qui&nbsp; d\u00e9signe la ville de Paris, viendrait du nom de ce chapeau.&nbsp;&nbsp;<\/p>\n<p>Nous avons visit\u00e9 la fameuse fabrique de Homero Ortega, qui a \u00e9t\u00e9 cr\u00e9e en 1887. ngg_shortcode_1_placeholderNous sommes tomb\u00e9s sous le charme de ces chapeaux ind\u00e9modables et sommes repartis avec chacun notre Panama.<\/p>\n<p>Le quartier du rio Tomebamaba bord\u00e9 de tr\u00e8s belles maisons anciennes est tr\u00e8s agr\u00e9able, et bien am\u00e9nag\u00e9.ngg_shortcode_2_placeholder<\/p>\n<p>La cath\u00e9drale, construite en la fin du 19<sup>\u00e8me<\/sup> si\u00e8cle est impressionnante, trois d\u00f4mes de c\u00e9ramiques la coiffent.ngg_shortcode_3_placeholder<\/p>\n<p>La plaza San Francisco&nbsp; est en r\u00e9fection, du coup nous n\u2019avons pas pu la visiter correctement.<\/p>\n<p>Outre la visite de Cuenca, nous avons pris des bus pour visiter des villages environnants, dont l\u2019un d\u2019eux nous a laiss\u00e9 sans voix. Il s\u2019agit de Chordeleg.<\/p>\n<p>&nbsp;Ce village \u00e9tait d\u00e9j\u00e0 r\u00e9put\u00e9&nbsp; pour ses bijouteries bien avant l\u2019arriv\u00e9e des Incas soit au 16\u00e9me si\u00e8cle. Il est r\u00e9put\u00e9 pour ses bijouteries. Le filigrane est la caract\u00e9ristique de la bourgade.<\/p>\n<p>On n\u2019a pas compt\u00e9 le nombre de bijouteries, mais on pense qu\u2019il y en a bien une centaine pour un bled de quelques milliers d\u2019habitants.ngg_shortcode_4_placeholder Le village est tr\u00e8s propre, la place du village parfaitement arbor\u00e9e. Les maisons sont belles, bref, on croirait avoir quitt\u00e9 l\u2019\u00e9quateur pour la Suisse.<\/p>\n<p><a title=\"Photos d'Equateur\" href=\"https:\/\/www.lespinodesintipo.fr\/index.php\/nggallery\/equateur\/cuenca?page_id=8231\">Photos<\/a><\/p>\n","protected":false},"excerpt":{"rendered":"<p>La route qui va de Guamote \u00e0 Cuenca est tr\u00e8s tortueuse, les paysages sont sublimes, on est parfois dans le fond de canyons et parfois dans les for\u00eats de nuages \u00e0 plus&nbsp; 3500 m\u00e8tres d\u2019altitude, c\u2019est tr\u00e8s tr\u00e8s beau. C\u2019est la sierra du sud. Nous arrivons \u00e0 Cuenca 2506 m\u00e8tres d\u2019altitude. Tr\u00e8s belle ville coloniale, [&hellip;]<\/p>\n","protected":false},"author":1,"featured_media":0,"comment_status":"open","ping_status":"open","sticky":false,"template":"","format":"standard","meta":{"ngg_post_thumbnail":0,"footnotes":""},"categories":[47],"tags":[],"class_list":["post-8991","post","type-post","status-publish","format-standard","hentry","category-equateur"],"_links":{"self":[{"href":"https:\/\/www.lespinodesintipo.fr\/index.php?rest_route=\/wp\/v2\/posts\/8991"}],"collection":[{"href":"https:\/\/www.lespinodesintipo.fr\/index.php?rest_route=\/wp\/v2\/posts"}],"about":[{"href":"https:\/\/www.lespinodesintipo.fr\/index.php?rest_route=\/wp\/v2\/types\/post"}],"author":[{"embeddable":true,"href":"https:\/\/www.lespinodesintipo.fr\/index.php?rest_route=\/wp\/v2\/users\/1"}],"replies":[{"embeddable":true,"href":"https:\/\/www.lespinodesintipo.fr\/index.php?rest_route=%2Fwp%2Fv2%2Fcomments&post=8991"}],"version-history":[{"count":0,"href":"https:\/\/www.lespinodesintipo.fr\/index.php?rest_route=\/wp\/v2\/posts\/8991\/revisions"}],"wp:attachment":[{"href":"https:\/\/www.lespinodesintipo.fr\/index.php?rest_route=%2Fwp%2Fv2%2Fmedia&parent=8991"}],"wp:term":[{"taxonomy":"category","embeddable":true,"href":"https:\/\/www.lespinodesintipo.fr\/index.php?rest_route=%2Fwp%2Fv2%2Fcategories&post=8991"},{"taxonomy":"post_tag","embeddable":true,"href":"https:\/\/www.lespinodesintipo.fr\/index.php?rest_route=%2Fwp%2Fv2%2Ftags&post=8991"}],"curies":[{"name":"wp","href":"https:\/\/api.w.org\/{rel}","templated":true}]}}