{"id":9069,"date":"2018-02-06T21:55:37","date_gmt":"2018-02-06T20:55:37","guid":{"rendered":"http:\/\/www.lespinodesintipo.fr\/?p=9069"},"modified":"2018-02-07T03:04:07","modified_gmt":"2018-02-07T02:04:07","slug":"loja","status":"publish","type":"post","link":"https:\/\/www.lespinodesintipo.fr\/?p=9069","title":{"rendered":"Loja"},"content":{"rendered":"<p>Ah Les Andes, quelle beaut\u00e9, mais pour faire 200km nous avons mis 4 h&nbsp;30. On pense que nous n\u2019avons pas fait 2 kilom\u00e8tres en ligne droite, \u00e7a tourne, \u00e7a monte et \u00e7a descend toujours.<\/p>\n<p>Les paysages sont \u00e9poustouflants, peu apr\u00e8s Cuenca, les montagnes sont d\u00e9sertiques, peu de v\u00e9g\u00e9tation, et beaucoup de canyons, mais apr\u00e8s une heure et demie de route on arrive dans une r\u00e9gion tr\u00e8s verdoyante, les vaches et les moutons paissent dans les vastes \u00e9tendues andines, bien s\u00fbr \u00e0 pic et ce qui est \u00e9tonnant c\u2019est que les quelques maisons isol\u00e9es sont construites juste au bord des pr\u00e9cipices, pas de photo (dommage pour vous), h\u00e9las le bus roule, et \u00e7a ne fait que tourner, du coup, on n\u2019a pas assez d\u2019\u00e9quilibre pour bien tenir l\u2019appareil photo.<\/p>\n<p>Comme nous le disions dans d\u2019autres articles, l\u2019Equateur, ce magnifique petit pays est peu touristique, du coup nous sommes souvent les seuls touristes dans les bus, avec les gens du pays.<\/p>\n<p>De 3500 m\u00e8tres parfois nous sommes arriv\u00e9s \u00e0 Loja \u00e0 2100 m\u00e8tres et il fait chaud.ngg_shortcode_0_placeholder<\/p>\n<p>La ville est assez sympa avec son petit quartier colonial.ngg_shortcode_1_placeholder Nous sommes dimanche, et tous les magasins et presque tous les restaurants sont ferm\u00e9s, on en a quand m\u00eame trouv\u00e9 un pour notre d\u00eener.<\/p>\n<p>Mais d\u00e8s lundi matin la ville se r\u00e9veille, et du coup, nous la voyons vivre. Les indig\u00e9nas vendent leurs l\u00e9gumes sur les trottoirs, et les rues&nbsp; sont encombr\u00e9es&nbsp; de passants. Ceci dit Loja n\u2019a rien d\u2019une grande m\u00e9tropole avec ses 180 000 habitants.<\/p>\n<p>A 45 kilom\u00e8tres de l\u00e0, il y a une toute petite ville, Vilcabamba, de 4800&nbsp; habitants, tr\u00e8s connue pour ses centenaires en pleine forme.ngg_shortcode_2_placeholder Dans les ann\u00e9es 1955, elle a fait l\u2019objet d\u2019\u00e9tudes sur la long\u00e9vit\u00e9 des gens. Il s\u2019av\u00e8re que de nombreuses personnes auraient d\u00e9pass\u00e9s &nbsp;120 ans. Certains disent que c\u2019est peut \u00eatre exag\u00e9r\u00e9.<\/p>\n<p>En tout cas ce qui explique cette long\u00e9vit\u00e9 serait li\u00e9<\/p>\n<ul>\n<li>A l\u2019habitude de fumer du datura, qui combinerait les effets de la marijuana et de la coca\u00efne, sans nuire \u00e0 l\u2019organisme, et c\u2019est d\u2019ailleurs ce qui a attir\u00e9 les hippies dans les ann\u00e9es 1970<\/li>\n<li>Les gens du coin m\u00e8nent une vie simple, dans un environnement sans pesticide et au climat tr\u00e8s doux<\/li>\n<li>A la pr\u00e9sence de nombreuses sources charg\u00e9es en oligo \u00e9l\u00e9ments surtout du magn\u00e9sium<\/li>\n<li>A La consommation de caf\u00e9, ce qui a permis de d\u00e9velopper la production et l\u2019exportation.<\/li>\n<\/ul>\n<p>Toujours est il que de nombreux nord am\u00e9ricains et certains europ\u00e9ens se sont install\u00e9s dans cette grosses bourgade et y vivent doucement et heureux. \u00c9videmment les prix de l\u2019immobilier ont augment\u00e9 dans cette contr\u00e9e.<\/p>\n<p>D\u00e8s 10H30 nous avons vu pas mal de personnes d\u2019un certain \u00e2ge, parlant anglais, se r\u00e9unir au caf\u00e9 et siroter des bi\u00e8res et fumer. Ceux l\u00e0, on ne sait pas s\u2019ils vivront 100 ans et plus\u2026\u2026..<\/p>\n<p>Cette petite ville est en tout cas tr\u00e8s sympa, avec son \u00ab&nbsp;parque central&nbsp;\u00bb, sa petite \u00e9glise et les commerces qui l\u2019entourent. ngg_shortcode_3_placeholderIl est possible de faire des randonn\u00e9es \u00e0 cheval, mais pour nous, \u00e7a n\u2019est pas notre truc, du coup nous avons gentiment march\u00e9 dans des chemins&nbsp; qui embaumaient la citronnelle.<\/p>\n<p>Notre dernier jour \u00e0 Loja a \u00e9t\u00e9 consacr\u00e9 \u00e0 des visites de mus\u00e9es.<\/p>\n<p>Le mus\u00e9e de la musique, bien mignon, mais on s\u2019attendait \u00e0 voir de nombreux instruments, or il n\u2019y en avait que tr\u00e8s peu. ngg_shortcode_4_placeholderL\u2019objectif de ce mus\u00e9e est d\u2019honorer les grands musiciens Equatoriens. Bon, \u00e7a ne nous a pas emball\u00e9s, en revanche nous avons pas mal discut\u00e9 avec la gardienne du mus\u00e9e (ici ce sont des policiers municipaux) et on pense franchement qu\u2019ils doivent s\u2019ennuyer, (heureusement que le smartphone existe&nbsp;!!!) car il y a peu de visiteurs. Alors quand ils peuvent coincer un touriste, et &nbsp;de surcroit fran\u00e7ais, c\u2019est le bla bla bla \u00e0 n\u2019en plus finir. Bref, tout \u00e7a est bien chaleureux. On nous sert la main en arrivant et en partant.<\/p>\n<p>Puis nous avons fil\u00e9 vers le mus\u00e9e del monasterio de Madrez conception. Alors l\u00e0, idem, il s\u2019agit d\u2019un monsieur d\u2019un certain \u00e2ge qui nous a fait toute la visite et on a compris son espagnol, tant il \u00e9tait appliqu\u00e9 dans sa diction.<\/p>\n<p>Ce mus\u00e9e est une partie&nbsp; d\u2019un monast\u00e8re de carm\u00e9lites qui date du&nbsp; 16eme si\u00e8cle, de tr\u00e8s belles pi\u00e8ces d\u2019ornements sacerdotaux y sont expos\u00e9es et on visite \u00e9galement les anciennes cuisines, la buanderie, l\u2019atelier de couture le r\u00e9fectoire. Aujourd\u2019hui on suppose que les nones sont mieux loties qu\u2019au 16<sup>\u00e8me<\/sup> si\u00e8cle. Elles ont peut \u00eatre machines \u00e0 laver, four \u00e0 micro ondes, etc\u2026. Au 16eme si\u00e8cle &nbsp;elles \u00e9taient 25, aujourd\u2019hui elles ne sont plus que 17.<\/p>\n<p>Ce qui est tr\u00e8s dr\u00f4le, c\u2019est qu\u2019elles vendent diff\u00e9rentes tisanes que l\u2019on &nbsp;vient boire sur place. Comme toutes carm\u00e9lites, elles n\u2019ont pas droit de voir le&nbsp; public, du coup elles ont une tour (type tour d\u2019abandon) o\u00f9 vous mettez votre dollar dans une des cases du tour qui correspond \u00e0 la tisane choisie. La tisane arrive, vous buvez, et hop le verre repart dans la tour&nbsp;; ni vu ni connu. Nous avons vu plusieurs jeunes filles boire leur potion ce matin.<\/p>\n<p>Puis pour finir notre journ\u00e9e, nous sommes mont\u00e9s au mirador teleferico, sauf que le t\u00e9l\u00e9ph\u00e9rique ne fonctionne plus. Ceci dit la vue est d\u00e9j\u00e0 sympa du parc.ngg_shortcode_5_placeholder<\/p>\n<p>Voil\u00e0, demain nous partons pour le P\u00e9rou.<\/p>\n<p>Ceci n\u2019\u00e9tait pas notre projet initial. Il \u00e9tait pr\u00e9vu que nous allions au carnaval de Guaranda, mais nous nous sommes aper\u00e7u que cela nous aurait fait faire des allers retours, et ici, si les routes sont bonnes, les montagnes sont hautes \u2026\u2026\u2026.. et il faut du temps pour faire quelques kilom\u00e8tres. De toute fa\u00e7on le carnaval est partout en Am\u00e9rique du sud, alors nous serons \u00e0&nbsp; celui chachapoyas .<\/p>\n<p>Ce matin, de nombreuses d\u00e9l\u00e9gations de villes&nbsp; carnavalesques \u00e9taient \u00e0 Loja pour faire la promotion de leur carnaval.ngg_shortcode_6_placeholder Ils distribuaient affiches, flyers, bonbons, cr\u00e8mes glac\u00e9es, b\u00e2tonnets de canne \u00e0 sucre, etc\u2026.. on a profit\u00e9 de tout \u00e7a.<\/p>\n<p>Oui alors, pourquoi aller au P\u00e9rou&nbsp;? Eh bien parce qu\u2019on&nbsp; nous a parl\u00e9 d\u2019un grand site Inca, au nord du P\u00e9rou, pas le Machu Picchu, mais la forteresse de Kuelap. Et on nous a dit qu\u2019il ne fallait pas rater \u00e7a. Du coup on part, mais il parait que le voyage est &nbsp;assez sportif, on vous racontera. Suite dans quelques jours&nbsp;\u2026\u2026..<\/p>\n<p><a title=\"Photos d'Equateur\" href=\"https:\/\/www.lespinodesintipo.fr\/index.php\/nggallery\/equateur\/loja?page_id=8231\">Photos<\/a><\/p>\n","protected":false},"excerpt":{"rendered":"<p>Ah Les Andes, quelle beaut\u00e9, mais pour faire 200km nous avons mis 4 h&nbsp;30. On pense que nous n\u2019avons pas fait 2 kilom\u00e8tres en ligne droite, \u00e7a tourne, \u00e7a monte et \u00e7a descend toujours. Les paysages sont \u00e9poustouflants, peu apr\u00e8s Cuenca, les montagnes sont d\u00e9sertiques, peu de v\u00e9g\u00e9tation, et beaucoup de canyons, mais apr\u00e8s une [&hellip;]<\/p>\n","protected":false},"author":1,"featured_media":0,"comment_status":"open","ping_status":"open","sticky":false,"template":"","format":"standard","meta":{"ngg_post_thumbnail":0,"footnotes":""},"categories":[47],"tags":[],"class_list":["post-9069","post","type-post","status-publish","format-standard","hentry","category-equateur"],"_links":{"self":[{"href":"https:\/\/www.lespinodesintipo.fr\/index.php?rest_route=\/wp\/v2\/posts\/9069"}],"collection":[{"href":"https:\/\/www.lespinodesintipo.fr\/index.php?rest_route=\/wp\/v2\/posts"}],"about":[{"href":"https:\/\/www.lespinodesintipo.fr\/index.php?rest_route=\/wp\/v2\/types\/post"}],"author":[{"embeddable":true,"href":"https:\/\/www.lespinodesintipo.fr\/index.php?rest_route=\/wp\/v2\/users\/1"}],"replies":[{"embeddable":true,"href":"https:\/\/www.lespinodesintipo.fr\/index.php?rest_route=%2Fwp%2Fv2%2Fcomments&post=9069"}],"version-history":[{"count":0,"href":"https:\/\/www.lespinodesintipo.fr\/index.php?rest_route=\/wp\/v2\/posts\/9069\/revisions"}],"wp:attachment":[{"href":"https:\/\/www.lespinodesintipo.fr\/index.php?rest_route=%2Fwp%2Fv2%2Fmedia&parent=9069"}],"wp:term":[{"taxonomy":"category","embeddable":true,"href":"https:\/\/www.lespinodesintipo.fr\/index.php?rest_route=%2Fwp%2Fv2%2Fcategories&post=9069"},{"taxonomy":"post_tag","embeddable":true,"href":"https:\/\/www.lespinodesintipo.fr\/index.php?rest_route=%2Fwp%2Fv2%2Ftags&post=9069"}],"curies":[{"name":"wp","href":"https:\/\/api.w.org\/{rel}","templated":true}]}}